{"id":10029,"date":"2023-12-15T08:00:00","date_gmt":"2023-12-15T07:00:00","guid":{"rendered":"http:\/\/www.blog.neoprog.eu\/?p=10029"},"modified":"2023-12-14T18:02:12","modified_gmt":"2023-12-14T17:02:12","slug":"notre-bilan-carbone-2023","status":"publish","type":"post","link":"https:\/\/www.blog.neoprog.eu\/index.php\/2023\/12\/15\/notre-bilan-carbone-2023\/","title":{"rendered":"Notre bilan carbone 2023"},"content":{"rendered":"\n<figure class=\"wp-block-image size-large\"><img loading=\"lazy\" decoding=\"async\" width=\"1024\" height=\"682\" src=\"https:\/\/www.blog.neoprog.eu\/wp-content\/uploads\/2023\/09\/Du-haut-de-la-tour-fumees-1024x682.jpg\" alt=\"\" class=\"wp-image-9603\" srcset=\"https:\/\/www.blog.neoprog.eu\/wp-content\/uploads\/2023\/09\/Du-haut-de-la-tour-fumees-1024x682.jpg 1024w, https:\/\/www.blog.neoprog.eu\/wp-content\/uploads\/2023\/09\/Du-haut-de-la-tour-fumees-300x200.jpg 300w, https:\/\/www.blog.neoprog.eu\/wp-content\/uploads\/2023\/09\/Du-haut-de-la-tour-fumees-768x512.jpg 768w, https:\/\/www.blog.neoprog.eu\/wp-content\/uploads\/2023\/09\/Du-haut-de-la-tour-fumees-1536x1023.jpg 1536w, https:\/\/www.blog.neoprog.eu\/wp-content\/uploads\/2023\/09\/Du-haut-de-la-tour-fumees-450x300.jpg 450w, https:\/\/www.blog.neoprog.eu\/wp-content\/uploads\/2023\/09\/Du-haut-de-la-tour-fumees.jpg 2048w\" sizes=\"auto, (max-width: 1024px) 100vw, 1024px\" \/><\/figure>\n\n\n\n<p>A l\u2019heure de la COP 28 pr\u00e9sid\u00e9e par un magnat du p\u00e9trole, il est l\u2019heure de vous r\u00e9v\u00e9ler notre bilan carbone 2023.<\/p>\n\n\n\n<p>Malgr\u00e9 une flamb\u00e9e des prix du gaz cette ann\u00e9e et grace \u00e0 un redoutable asc\u00e9tisme, nous avons r\u00e9ussi \u00e0 baisser notre facture de chauffage, donc \u00e0 consommer beaucoup moins que pr\u00e9vu. L\u2019hiver a \u00e9t\u00e9 pourtant relativement froid avec quelques jours \u00e0 moins 10, mais en fixant le thermostat \u00e0 17 lorsque nous sommes dans la maison (15 la nuit et le reste du temps), en portant de gros pulls et des chaussettes \u00e9paisses, nous avons surv\u00e9cu.<\/p>\n\n\n\n<p>Le rez de chauss\u00e9e est maintenant \u00e9quip\u00e9 de nouveaux doubles vitrages antibruit et thermiquement plus efficaces qui devraient encore faire baisser la facture. Seul hic, ils sont en PVC (nous n\u2019avions vraiment pas le budget pour du bois) donc bof.<\/p>\n\n\n\n<p>Les appareils \u00e9lectriques non vitaux ont \u00e9t\u00e9 d\u00e9branch\u00e9s comme la box pendant la nuit, la console, la t\u00e9l\u00e9vision et je fais depuis longtemps la guerre aux pi\u00e8ces vides \u00e9clair\u00e9es.&nbsp;<\/p>\n\n\n\n<p>La cons\u00e9quence de toutes ces adaptations au r\u00e9chauffement climatique, c&rsquo;est que nous vivons dans une maison froide et sombre en hiver, \u00e9touffante en \u00e9t\u00e9.<\/p>\n\n\n\n<p>Nous n\u2019avons fait que 10 000 kilom\u00e8tres en voiture (ce qui est encore beaucoup trop) sachant que nous avons d\u00fb r\u00e9aliser quelques aller-retours \u00e0 Lyon pour installer notre petit dernier ainsi qu\u2019un grand <a href=\"https:\/\/www.blog.neoprog.eu\/index.php\/2023\/09\/06\/le-tour-de-gaule\/\">week-end road movie<\/a> dans la m\u00eame r\u00e9gion pour voir des oiseaux. Le reste, 7000 kilom\u00e8tres repr\u00e9sentent des promenades dans la r\u00e9gion et les courses. Cela repr\u00e9sente presque 20 kilom\u00e8tres par jour tout de m\u00eame. <\/p>\n\n\n\n<p>Pour les trajets au travail c\u2019est toujours le v\u00e9lo sauf le jour des courses et quelques accidents climatiques d\u00e9vastateurs.&nbsp;Sinon j\u2019utilise beaucoup mes pieds.&nbsp;<\/p>\n\n\n\n<p>Nous avons tout de m\u00eame pris deux fois l\u2019avion pour partir en vacances, et ce dans la m\u00eame ann\u00e9e, des courts courriers pour l\u2019Italie \u00e0 chaque fois. Mais si je ne c\u00e8de pas au moins une fois par an, ma femme me quittera c&rsquo;est s\u00fbr !<\/p>\n\n\n\n<p>Question d\u00e9chets, en plus du <a href=\"https:\/\/www.blog.neoprog.eu\/index.php\/2019\/12\/12\/dechet-ultime\/\">composteur<\/a> au fond du jardin, nous trions tous nos emballages aujourd\u2019hui. Sans \u00eatre au z\u00e9ro d\u00e9chet loin de l\u00e0, nous jetons environ 30 litres \u00e0 l\u2019incin\u00e9rateur tous les deux semaines au lieu de six fois plus auparavant. Apr\u00e8s, ce qui est fait du recyclable reste un autre probl\u00e8me.<\/p>\n\n\n\n<p>Question alimentation, sous la pression de notre petit dernier, nous avons renonc\u00e9 \u00e0 la viande bovine comme au porc. Nous ne mangeons plus qu\u2019un peu de poulet et de canard, une viande moins gourmande en eau et au bilan carbone bien meilleur.&nbsp;<\/p>\n\n\n\n<p>Nous mangeons <a href=\"https:\/\/www.blog.neoprog.eu\/index.php\/2018\/05\/24\/bio-ecolo-circuit-court-eco-responsable\/\">bio, local, du jardin<\/a> id\u00e9alement, bien que cette ann\u00e9e je n\u2019ai pas r\u00e9colt\u00e9 grand chose \u00e0 cause de la s\u00e9cheresse.&nbsp;<\/p>\n\n\n\n<p>En parlant de s\u00e9cheresse, je n\u2019ai arros\u00e9 qu\u2019avec l\u2019eau pluviale, j\u2019ai install\u00e9 des gouttes \u00e0 gouttes pour les cultures, j\u2019ai laiss\u00e9 l\u2019herbe pousser et je n\u2019ai taill\u00e9 les haies que d\u00e9but ao\u00fbt pour pr\u00e9server la nidification.<\/p>\n\n\n\n<p>L\u00e0 o\u00f9 cela ne va pas du tout, ce sont les d\u00e9penses compulsives r\u00e9alis\u00e9es en 2023. J\u2019avoue, cette ann\u00e9e j\u2019ai fait fort avec <a href=\"https:\/\/www.blog.neoprog.eu\/index.php\/2023\/03\/08\/quarante-kilos\/\">un t\u00e9lescope<\/a>, une tablette, un nouveau <a href=\"https:\/\/www.blog.neoprog.eu\/index.php\/2022\/11\/30\/z-neuf\/\">bo\u00eetier photo<\/a> et une seconde monture \u00e9quatoriale. Que des objets hi tech superflus manufactur\u00e9s en Asie consommateurs de terres rares, transport\u00e9s en porte-containers et fabriqu\u00e9s par des petits n\u2019enfants. Oui je grossis un peu le trait volontairement mais pas tant que \u00e7a en fait.<\/p>\n\n\n\n<p>Mais mon empreinte carbone est \u00e9galement li\u00e9e \u00e0 mon travail. J\u2019ai beaucoup roul\u00e9 en 2023. 6500 kilom\u00e8tres, 1500 en train, 5000 en voiture mais dont 4000 en \u00e9lectrique. Bref \u2018seulement\u2019 1000 kilom\u00e8tres en v\u00e9hicule thermique.<\/p>\n\n\n\n<p>A cot\u00e9 de cela j\u2019ai baiss\u00e9 le chauffage des dix centres sous notre responsabilit\u00e9 \u00e0 19 degr\u00e9s, install\u00e9 une borne de recharge \u00e9lectrique, respect\u00e9 les consignes de vitesses (110 km\/h sur autoroute et 100 sur quatre voies), chang\u00e9 les \u00e9clairages anciens pour des LED avec d\u00e9tecteurs dans trois nouveaux sites, remplac\u00e9 trois chaudi\u00e8res \u00e0 gaz par du chauffage urbain et une chaudi\u00e8re \u00e0 pellets, limit\u00e9 le nombre de ballons d\u2019eau chaude en fonctionnement, \u00e9teint les \u00e9clairages ext\u00e9rieurs, install\u00e9 des poubelles de recyclage, brid\u00e9 les climatisation \u00e0 26 degr\u00e9s, favoris\u00e9 l\u2019usage du v\u00e9lo (atelier r\u00e9paration, abris) et pass\u00e9 des march\u00e9s avec des clauses \u00e9co responsables. Bref, j\u2019ai suivi les instructions de notre minist\u00e8re.<\/p>\n\n\n\n<p><a href=\"https:\/\/nosgestesclimat.fr\/\">Notre bilan carbone<\/a> est de 7,3 tonnes de CO2 par an. Peut mieux faire. Id\u00e9alement il faudrait arriver \u00e0 2 tonnes par personne ce qui va \u00eatre complexe avec notre vieille maison. On peut d\u00e9j\u00e0 baisser c\u00f4t\u00e9 transports.<\/p>\n\n\n\n<figure class=\"wp-block-image size-large\"><img loading=\"lazy\" decoding=\"async\" width=\"1024\" height=\"598\" src=\"https:\/\/www.blog.neoprog.eu\/wp-content\/uploads\/2023\/12\/image-1024x598.png\" alt=\"\" class=\"wp-image-10030\" srcset=\"https:\/\/www.blog.neoprog.eu\/wp-content\/uploads\/2023\/12\/image-1024x598.png 1024w, https:\/\/www.blog.neoprog.eu\/wp-content\/uploads\/2023\/12\/image-300x175.png 300w, https:\/\/www.blog.neoprog.eu\/wp-content\/uploads\/2023\/12\/image-768x449.png 768w, https:\/\/www.blog.neoprog.eu\/wp-content\/uploads\/2023\/12\/image-1536x898.png 1536w, https:\/\/www.blog.neoprog.eu\/wp-content\/uploads\/2023\/12\/image-500x292.png 500w, https:\/\/www.blog.neoprog.eu\/wp-content\/uploads\/2023\/12\/image.png 1896w\" sizes=\"auto, (max-width: 1024px) 100vw, 1024px\" \/><\/figure>\n\n\n\n<p>Pour l\u2019ann\u00e9e prochaine, l\u2019objectif est d\u2019arr\u00eater d\u2019acheter des trucs inutiles, de voyager plus pr\u00e8s et de rouler encore moins. Cela devrait \u00eatre possible grace \u00e0 notre perte de pouvoir d\u2019achat car notre petit dernier reprend ses \u00e9tudes et que cela va nous co\u00fbter une blinde.&nbsp;<\/p>\n\n\n\n<p>Je crois une fois de plus que l\u2019\u00e9co responsabilit\u00e9 passe par la d\u00e9croissance soutenue moralement par la baisse du pouvoir d\u2019achat. Et pour No\u00ebl, nous avons opt\u00e9 pour un seul modeste cadeau par personne, genre livre ou disque. Finie l\u2019orgie.<\/p>\n\n\n\n<p>Vivons pauvres, nous sauverons la plan\u00e8te, enfin peu-\u00eatre\u2026<\/p>\n","protected":false},"excerpt":{"rendered":"<p>A l\u2019heure de la COP 28 pr\u00e9sid\u00e9e par un magnat du p\u00e9trole, il est l\u2019heure de vous r\u00e9v\u00e9ler mon bilan carbone 2023. <a href=\"https:\/\/www.blog.neoprog.eu\/index.php\/2023\/12\/15\/notre-bilan-carbone-2023\/\">Continuer la lecture <span class=\"meta-nav\">&rarr;<\/span><\/a><\/p>\n","protected":false},"author":1,"featured_media":9603,"comment_status":"open","ping_status":"open","sticky":false,"template":"","format":"image","meta":{"footnotes":""},"categories":[59,297,20,589],"tags":[2134,3049,382,128],"class_list":["post-10029","post","type-post","status-publish","format-image","has-post-thumbnail","hentry","category-humeur","category-planete","category-politique","category-travail","tag-bilan-carbone","tag-cop-28","tag-ecologie","tag-planete","post_format-post-format-image"],"yoast_head":"<!-- This site is optimized with the Yoast SEO plugin v27.4 - https:\/\/yoast.com\/product\/yoast-seo-wordpress\/ -->\n<title>Notre bilan carbone 2023 - Le Blog du N\u00e9oprog<\/title>\n<meta name=\"description\" content=\"A l\u2019heure de la COP 28 pr\u00e9sid\u00e9e par un magnat du p\u00e9trole, il est l\u2019heure de vous r\u00e9v\u00e9ler mon bilan carbone 2023.\" \/>\n<meta name=\"robots\" content=\"index, follow, max-snippet:-1, max-image-preview:large, max-video-preview:-1\" \/>\n<link rel=\"canonical\" href=\"https:\/\/www.blog.neoprog.eu\/index.php\/2023\/12\/15\/notre-bilan-carbone-2023\/\" \/>\n<meta property=\"og:locale\" content=\"fr_FR\" \/>\n<meta property=\"og:type\" content=\"article\" \/>\n<meta property=\"og:title\" content=\"Notre bilan carbone 2023 - Le Blog du N\u00e9oprog\" \/>\n<meta property=\"og:description\" content=\"A l\u2019heure de la COP 28 pr\u00e9sid\u00e9e par un magnat du p\u00e9trole, il est l\u2019heure de vous r\u00e9v\u00e9ler mon bilan carbone 2023.\" \/>\n<meta property=\"og:url\" content=\"https:\/\/www.blog.neoprog.eu\/index.php\/2023\/12\/15\/notre-bilan-carbone-2023\/\" \/>\n<meta property=\"og:site_name\" content=\"Le Blog du N\u00e9oprog\" \/>\n<meta property=\"article:published_time\" content=\"2023-12-15T07:00:00+00:00\" \/>\n<meta property=\"og:image\" content=\"https:\/\/www.blog.neoprog.eu\/wp-content\/uploads\/2023\/09\/Du-haut-de-la-tour-fumees.jpg\" \/>\n\t<meta property=\"og:image:width\" content=\"2048\" \/>\n\t<meta property=\"og:image:height\" content=\"1364\" \/>\n\t<meta property=\"og:image:type\" content=\"image\/jpeg\" \/>\n<meta name=\"author\" content=\"Neoprog\" \/>\n<meta name=\"twitter:card\" content=\"summary_large_image\" \/>\n<meta name=\"twitter:creator\" content=\"@Le_Brun_JC\" \/>\n<meta name=\"twitter:site\" content=\"@Le_Brun_JC\" \/>\n<meta name=\"twitter:label1\" content=\"\u00c9crit par\" \/>\n\t<meta name=\"twitter:data1\" content=\"Neoprog\" \/>\n\t<meta name=\"twitter:label2\" content=\"Dur\u00e9e de lecture estim\u00e9e\" \/>\n\t<meta name=\"twitter:data2\" content=\"5 minutes\" \/>\n<script type=\"application\/ld+json\" class=\"yoast-schema-graph\">{\"@context\":\"https:\\\/\\\/schema.org\",\"@graph\":[{\"@type\":\"Article\",\"@id\":\"https:\\\/\\\/www.blog.neoprog.eu\\\/index.php\\\/2023\\\/12\\\/15\\\/notre-bilan-carbone-2023\\\/#article\",\"isPartOf\":{\"@id\":\"https:\\\/\\\/www.blog.neoprog.eu\\\/index.php\\\/2023\\\/12\\\/15\\\/notre-bilan-carbone-2023\\\/\"},\"author\":{\"name\":\"Neoprog\",\"@id\":\"https:\\\/\\\/www.blog.neoprog.eu\\\/#\\\/schema\\\/person\\\/47c594bf12736b172b772f0f02bcf511\"},\"headline\":\"Notre bilan carbone 2023\",\"datePublished\":\"2023-12-15T07:00:00+00:00\",\"mainEntityOfPage\":{\"@id\":\"https:\\\/\\\/www.blog.neoprog.eu\\\/index.php\\\/2023\\\/12\\\/15\\\/notre-bilan-carbone-2023\\\/\"},\"wordCount\":922,\"commentCount\":0,\"publisher\":{\"@id\":\"https:\\\/\\\/www.blog.neoprog.eu\\\/#\\\/schema\\\/person\\\/47c594bf12736b172b772f0f02bcf511\"},\"image\":{\"@id\":\"https:\\\/\\\/www.blog.neoprog.eu\\\/index.php\\\/2023\\\/12\\\/15\\\/notre-bilan-carbone-2023\\\/#primaryimage\"},\"thumbnailUrl\":\"https:\\\/\\\/www.blog.neoprog.eu\\\/wp-content\\\/uploads\\\/2023\\\/09\\\/Du-haut-de-la-tour-fumees.jpg\",\"keywords\":[\"bilan carbone\",\"COP 28\",\"\u00e9cologie\",\"plan\u00e8te\"],\"articleSection\":[\"Humeurs\",\"plan\u00e8te\",\"politique\",\"travail\"],\"inLanguage\":\"fr-FR\",\"potentialAction\":[{\"@type\":\"CommentAction\",\"name\":\"Comment\",\"target\":[\"https:\\\/\\\/www.blog.neoprog.eu\\\/index.php\\\/2023\\\/12\\\/15\\\/notre-bilan-carbone-2023\\\/#respond\"]}]},{\"@type\":\"WebPage\",\"@id\":\"https:\\\/\\\/www.blog.neoprog.eu\\\/index.php\\\/2023\\\/12\\\/15\\\/notre-bilan-carbone-2023\\\/\",\"url\":\"https:\\\/\\\/www.blog.neoprog.eu\\\/index.php\\\/2023\\\/12\\\/15\\\/notre-bilan-carbone-2023\\\/\",\"name\":\"Notre bilan carbone 2023 - Le Blog du N\u00e9oprog\",\"isPartOf\":{\"@id\":\"https:\\\/\\\/www.blog.neoprog.eu\\\/#website\"},\"primaryImageOfPage\":{\"@id\":\"https:\\\/\\\/www.blog.neoprog.eu\\\/index.php\\\/2023\\\/12\\\/15\\\/notre-bilan-carbone-2023\\\/#primaryimage\"},\"image\":{\"@id\":\"https:\\\/\\\/www.blog.neoprog.eu\\\/index.php\\\/2023\\\/12\\\/15\\\/notre-bilan-carbone-2023\\\/#primaryimage\"},\"thumbnailUrl\":\"https:\\\/\\\/www.blog.neoprog.eu\\\/wp-content\\\/uploads\\\/2023\\\/09\\\/Du-haut-de-la-tour-fumees.jpg\",\"datePublished\":\"2023-12-15T07:00:00+00:00\",\"description\":\"A l\u2019heure de la COP 28 pr\u00e9sid\u00e9e par un magnat du p\u00e9trole, il est l\u2019heure de vous r\u00e9v\u00e9ler mon bilan carbone 2023.\",\"breadcrumb\":{\"@id\":\"https:\\\/\\\/www.blog.neoprog.eu\\\/index.php\\\/2023\\\/12\\\/15\\\/notre-bilan-carbone-2023\\\/#breadcrumb\"},\"inLanguage\":\"fr-FR\",\"potentialAction\":[{\"@type\":\"ReadAction\",\"target\":[\"https:\\\/\\\/www.blog.neoprog.eu\\\/index.php\\\/2023\\\/12\\\/15\\\/notre-bilan-carbone-2023\\\/\"]}]},{\"@type\":\"ImageObject\",\"inLanguage\":\"fr-FR\",\"@id\":\"https:\\\/\\\/www.blog.neoprog.eu\\\/index.php\\\/2023\\\/12\\\/15\\\/notre-bilan-carbone-2023\\\/#primaryimage\",\"url\":\"https:\\\/\\\/www.blog.neoprog.eu\\\/wp-content\\\/uploads\\\/2023\\\/09\\\/Du-haut-de-la-tour-fumees.jpg\",\"contentUrl\":\"https:\\\/\\\/www.blog.neoprog.eu\\\/wp-content\\\/uploads\\\/2023\\\/09\\\/Du-haut-de-la-tour-fumees.jpg\",\"width\":2048,\"height\":1364},{\"@type\":\"BreadcrumbList\",\"@id\":\"https:\\\/\\\/www.blog.neoprog.eu\\\/index.php\\\/2023\\\/12\\\/15\\\/notre-bilan-carbone-2023\\\/#breadcrumb\",\"itemListElement\":[{\"@type\":\"ListItem\",\"position\":1,\"name\":\"Home\",\"item\":\"https:\\\/\\\/www.blog.neoprog.eu\\\/\"},{\"@type\":\"ListItem\",\"position\":2,\"name\":\"Notre bilan carbone 2023\"}]},{\"@type\":\"WebSite\",\"@id\":\"https:\\\/\\\/www.blog.neoprog.eu\\\/#website\",\"url\":\"https:\\\/\\\/www.blog.neoprog.eu\\\/\",\"name\":\"Le Blog du N\u00e9oprog\",\"description\":\"\",\"publisher\":{\"@id\":\"https:\\\/\\\/www.blog.neoprog.eu\\\/#\\\/schema\\\/person\\\/47c594bf12736b172b772f0f02bcf511\"},\"potentialAction\":[{\"@type\":\"SearchAction\",\"target\":{\"@type\":\"EntryPoint\",\"urlTemplate\":\"https:\\\/\\\/www.blog.neoprog.eu\\\/?s={search_term_string}\"},\"query-input\":{\"@type\":\"PropertyValueSpecification\",\"valueRequired\":true,\"valueName\":\"search_term_string\"}}],\"inLanguage\":\"fr-FR\"},{\"@type\":[\"Person\",\"Organization\"],\"@id\":\"https:\\\/\\\/www.blog.neoprog.eu\\\/#\\\/schema\\\/person\\\/47c594bf12736b172b772f0f02bcf511\",\"name\":\"Neoprog\",\"image\":{\"@type\":\"ImageObject\",\"inLanguage\":\"fr-FR\",\"@id\":\"https:\\\/\\\/www.blog.neoprog.eu\\\/wp-content\\\/uploads\\\/2022\\\/09\\\/autoportrait-2.jpg\",\"url\":\"https:\\\/\\\/www.blog.neoprog.eu\\\/wp-content\\\/uploads\\\/2022\\\/09\\\/autoportrait-2.jpg\",\"contentUrl\":\"https:\\\/\\\/www.blog.neoprog.eu\\\/wp-content\\\/uploads\\\/2022\\\/09\\\/autoportrait-2.jpg\",\"width\":1024,\"height\":681,\"caption\":\"Neoprog\"},\"logo\":{\"@id\":\"https:\\\/\\\/www.blog.neoprog.eu\\\/wp-content\\\/uploads\\\/2022\\\/09\\\/autoportrait-2.jpg\"}}]}<\/script>\n<!-- \/ Yoast SEO plugin. -->","yoast_head_json":{"title":"Notre bilan carbone 2023 - Le Blog du N\u00e9oprog","description":"A l\u2019heure de la COP 28 pr\u00e9sid\u00e9e par un magnat du p\u00e9trole, il est l\u2019heure de vous r\u00e9v\u00e9ler mon bilan carbone 2023.","robots":{"index":"index","follow":"follow","max-snippet":"max-snippet:-1","max-image-preview":"max-image-preview:large","max-video-preview":"max-video-preview:-1"},"canonical":"https:\/\/www.blog.neoprog.eu\/index.php\/2023\/12\/15\/notre-bilan-carbone-2023\/","og_locale":"fr_FR","og_type":"article","og_title":"Notre bilan carbone 2023 - Le Blog du N\u00e9oprog","og_description":"A l\u2019heure de la COP 28 pr\u00e9sid\u00e9e par un magnat du p\u00e9trole, il est l\u2019heure de vous r\u00e9v\u00e9ler mon bilan carbone 2023.","og_url":"https:\/\/www.blog.neoprog.eu\/index.php\/2023\/12\/15\/notre-bilan-carbone-2023\/","og_site_name":"Le Blog du N\u00e9oprog","article_published_time":"2023-12-15T07:00:00+00:00","og_image":[{"width":2048,"height":1364,"url":"https:\/\/www.blog.neoprog.eu\/wp-content\/uploads\/2023\/09\/Du-haut-de-la-tour-fumees.jpg","type":"image\/jpeg"}],"author":"Neoprog","twitter_card":"summary_large_image","twitter_creator":"@Le_Brun_JC","twitter_site":"@Le_Brun_JC","twitter_misc":{"\u00c9crit par":"Neoprog","Dur\u00e9e de lecture estim\u00e9e":"5 minutes"},"schema":{"@context":"https:\/\/schema.org","@graph":[{"@type":"Article","@id":"https:\/\/www.blog.neoprog.eu\/index.php\/2023\/12\/15\/notre-bilan-carbone-2023\/#article","isPartOf":{"@id":"https:\/\/www.blog.neoprog.eu\/index.php\/2023\/12\/15\/notre-bilan-carbone-2023\/"},"author":{"name":"Neoprog","@id":"https:\/\/www.blog.neoprog.eu\/#\/schema\/person\/47c594bf12736b172b772f0f02bcf511"},"headline":"Notre bilan carbone 2023","datePublished":"2023-12-15T07:00:00+00:00","mainEntityOfPage":{"@id":"https:\/\/www.blog.neoprog.eu\/index.php\/2023\/12\/15\/notre-bilan-carbone-2023\/"},"wordCount":922,"commentCount":0,"publisher":{"@id":"https:\/\/www.blog.neoprog.eu\/#\/schema\/person\/47c594bf12736b172b772f0f02bcf511"},"image":{"@id":"https:\/\/www.blog.neoprog.eu\/index.php\/2023\/12\/15\/notre-bilan-carbone-2023\/#primaryimage"},"thumbnailUrl":"https:\/\/www.blog.neoprog.eu\/wp-content\/uploads\/2023\/09\/Du-haut-de-la-tour-fumees.jpg","keywords":["bilan carbone","COP 28","\u00e9cologie","plan\u00e8te"],"articleSection":["Humeurs","plan\u00e8te","politique","travail"],"inLanguage":"fr-FR","potentialAction":[{"@type":"CommentAction","name":"Comment","target":["https:\/\/www.blog.neoprog.eu\/index.php\/2023\/12\/15\/notre-bilan-carbone-2023\/#respond"]}]},{"@type":"WebPage","@id":"https:\/\/www.blog.neoprog.eu\/index.php\/2023\/12\/15\/notre-bilan-carbone-2023\/","url":"https:\/\/www.blog.neoprog.eu\/index.php\/2023\/12\/15\/notre-bilan-carbone-2023\/","name":"Notre bilan carbone 2023 - Le Blog du N\u00e9oprog","isPartOf":{"@id":"https:\/\/www.blog.neoprog.eu\/#website"},"primaryImageOfPage":{"@id":"https:\/\/www.blog.neoprog.eu\/index.php\/2023\/12\/15\/notre-bilan-carbone-2023\/#primaryimage"},"image":{"@id":"https:\/\/www.blog.neoprog.eu\/index.php\/2023\/12\/15\/notre-bilan-carbone-2023\/#primaryimage"},"thumbnailUrl":"https:\/\/www.blog.neoprog.eu\/wp-content\/uploads\/2023\/09\/Du-haut-de-la-tour-fumees.jpg","datePublished":"2023-12-15T07:00:00+00:00","description":"A l\u2019heure de la COP 28 pr\u00e9sid\u00e9e par un magnat du p\u00e9trole, il est l\u2019heure de vous r\u00e9v\u00e9ler mon bilan carbone 2023.","breadcrumb":{"@id":"https:\/\/www.blog.neoprog.eu\/index.php\/2023\/12\/15\/notre-bilan-carbone-2023\/#breadcrumb"},"inLanguage":"fr-FR","potentialAction":[{"@type":"ReadAction","target":["https:\/\/www.blog.neoprog.eu\/index.php\/2023\/12\/15\/notre-bilan-carbone-2023\/"]}]},{"@type":"ImageObject","inLanguage":"fr-FR","@id":"https:\/\/www.blog.neoprog.eu\/index.php\/2023\/12\/15\/notre-bilan-carbone-2023\/#primaryimage","url":"https:\/\/www.blog.neoprog.eu\/wp-content\/uploads\/2023\/09\/Du-haut-de-la-tour-fumees.jpg","contentUrl":"https:\/\/www.blog.neoprog.eu\/wp-content\/uploads\/2023\/09\/Du-haut-de-la-tour-fumees.jpg","width":2048,"height":1364},{"@type":"BreadcrumbList","@id":"https:\/\/www.blog.neoprog.eu\/index.php\/2023\/12\/15\/notre-bilan-carbone-2023\/#breadcrumb","itemListElement":[{"@type":"ListItem","position":1,"name":"Home","item":"https:\/\/www.blog.neoprog.eu\/"},{"@type":"ListItem","position":2,"name":"Notre bilan carbone 2023"}]},{"@type":"WebSite","@id":"https:\/\/www.blog.neoprog.eu\/#website","url":"https:\/\/www.blog.neoprog.eu\/","name":"Le Blog du N\u00e9oprog","description":"","publisher":{"@id":"https:\/\/www.blog.neoprog.eu\/#\/schema\/person\/47c594bf12736b172b772f0f02bcf511"},"potentialAction":[{"@type":"SearchAction","target":{"@type":"EntryPoint","urlTemplate":"https:\/\/www.blog.neoprog.eu\/?s={search_term_string}"},"query-input":{"@type":"PropertyValueSpecification","valueRequired":true,"valueName":"search_term_string"}}],"inLanguage":"fr-FR"},{"@type":["Person","Organization"],"@id":"https:\/\/www.blog.neoprog.eu\/#\/schema\/person\/47c594bf12736b172b772f0f02bcf511","name":"Neoprog","image":{"@type":"ImageObject","inLanguage":"fr-FR","@id":"https:\/\/www.blog.neoprog.eu\/wp-content\/uploads\/2022\/09\/autoportrait-2.jpg","url":"https:\/\/www.blog.neoprog.eu\/wp-content\/uploads\/2022\/09\/autoportrait-2.jpg","contentUrl":"https:\/\/www.blog.neoprog.eu\/wp-content\/uploads\/2022\/09\/autoportrait-2.jpg","width":1024,"height":681,"caption":"Neoprog"},"logo":{"@id":"https:\/\/www.blog.neoprog.eu\/wp-content\/uploads\/2022\/09\/autoportrait-2.jpg"}}]}},"_links":{"self":[{"href":"https:\/\/www.blog.neoprog.eu\/index.php\/wp-json\/wp\/v2\/posts\/10029","targetHints":{"allow":["GET"]}}],"collection":[{"href":"https:\/\/www.blog.neoprog.eu\/index.php\/wp-json\/wp\/v2\/posts"}],"about":[{"href":"https:\/\/www.blog.neoprog.eu\/index.php\/wp-json\/wp\/v2\/types\/post"}],"author":[{"embeddable":true,"href":"https:\/\/www.blog.neoprog.eu\/index.php\/wp-json\/wp\/v2\/users\/1"}],"replies":[{"embeddable":true,"href":"https:\/\/www.blog.neoprog.eu\/index.php\/wp-json\/wp\/v2\/comments?post=10029"}],"version-history":[{"count":2,"href":"https:\/\/www.blog.neoprog.eu\/index.php\/wp-json\/wp\/v2\/posts\/10029\/revisions"}],"predecessor-version":[{"id":10037,"href":"https:\/\/www.blog.neoprog.eu\/index.php\/wp-json\/wp\/v2\/posts\/10029\/revisions\/10037"}],"wp:featuredmedia":[{"embeddable":true,"href":"https:\/\/www.blog.neoprog.eu\/index.php\/wp-json\/wp\/v2\/media\/9603"}],"wp:attachment":[{"href":"https:\/\/www.blog.neoprog.eu\/index.php\/wp-json\/wp\/v2\/media?parent=10029"}],"wp:term":[{"taxonomy":"category","embeddable":true,"href":"https:\/\/www.blog.neoprog.eu\/index.php\/wp-json\/wp\/v2\/categories?post=10029"},{"taxonomy":"post_tag","embeddable":true,"href":"https:\/\/www.blog.neoprog.eu\/index.php\/wp-json\/wp\/v2\/tags?post=10029"}],"curies":[{"name":"wp","href":"https:\/\/api.w.org\/{rel}","templated":true}]}}