{"id":11980,"date":"2025-10-21T07:49:16","date_gmt":"2025-10-21T05:49:16","guid":{"rendered":"https:\/\/www.blog.neoprog.eu\/?p=11980"},"modified":"2025-10-21T07:49:17","modified_gmt":"2025-10-21T05:49:17","slug":"deux-cameras","status":"publish","type":"post","link":"https:\/\/www.blog.neoprog.eu\/index.php\/2025\/10\/21\/deux-cameras\/","title":{"rendered":"Deux cam\u00e9ras"},"content":{"rendered":"\n<figure class=\"wp-block-image size-full\"><img loading=\"lazy\" decoding=\"async\" width=\"1024\" height=\"576\" src=\"https:\/\/www.blog.neoprog.eu\/wp-content\/uploads\/2025\/10\/Capture-decran-2025-10-20-a-17.28.19.png\" alt=\"iMovie\" class=\"wp-image-11981\" srcset=\"https:\/\/www.blog.neoprog.eu\/wp-content\/uploads\/2025\/10\/Capture-decran-2025-10-20-a-17.28.19.png 1024w, https:\/\/www.blog.neoprog.eu\/wp-content\/uploads\/2025\/10\/Capture-decran-2025-10-20-a-17.28.19-300x169.png 300w, https:\/\/www.blog.neoprog.eu\/wp-content\/uploads\/2025\/10\/Capture-decran-2025-10-20-a-17.28.19-768x432.png 768w, https:\/\/www.blog.neoprog.eu\/wp-content\/uploads\/2025\/10\/Capture-decran-2025-10-20-a-17.28.19-500x281.png 500w\" sizes=\"auto, (max-width: 1024px) 100vw, 1024px\" \/><\/figure>\n\n\n\n<p>J\u2019ai deux bo\u00eetiers photo. Ce sont mes outils pour les concerts. Un appareil arm\u00e9 d\u2019un 24-70 et l\u2019autre d\u2019un 70-200 pour couvrir une large focale lors des concerts sans \u00e0 avoir besoin de changer d\u2019objectif en pleine action.<\/p>\n\n\n\n<p>Pour mes Chroniques en Images j\u2019utilise d\u2019ordinaire le Nikon Z6 avec un 35 mm sur tr\u00e9pied derri\u00e8re un prompteur. L\u2019image est fixe, en face de ma trombine, ce qui donne quatre minutes avec le m\u00eame plan, sachant qu\u2019il faut varier le cadrage toutes les 30 secondes pour ne pas endormir le spectateur.\u00a0<\/p>\n\n\n\n<p>Jusqu\u2019\u00e0 pr\u00e9sent, je recadrai l\u2019image, zoomant quelques secondes pour casser la monotonie de la vid\u00e9o. Beaucoup de youtubeurs le font depuis longtemps (je n\u2019ai rien invent\u00e9).\u00a0<\/p>\n\n\n\n<p>Mais une id\u00e9e me titillait depuis longtemps, celle d\u2019utiliser mon second appareil photo pour filmer avec deux cam\u00e9ras et proposer un second point de vue. Comme je filme mes chroniques toujours un peu \u00e0 la bourre, je n\u2019avais jamais encore essay\u00e9. La chronique de Soulshine aura \u00e9t\u00e9 l\u2019occasion d\u2019exp\u00e9rimenter la chose pour la premi\u00e8re fois.<\/p>\n\n\n\n<p>Il faut comprendre que la t\u00e2che n\u2019est pas des plus simple. D\u00e9j\u00e0 je ne poss\u00e8de qu\u2019un seul tr\u00e9pied assez haut pour filmer. Ensuite je n\u2019ai qu\u2019un retour vid\u00e9o, mon iPhone en l\u2019occurrence, donc je ne vois que l\u2019image d\u2019une seule cam\u00e9ra, celle de face. Je ne contr\u00f4le \u00e0 distance, de la m\u00eame mani\u00e8re, qu\u2019un seul des deux bo\u00eetiers. Enfin les appareils sont diff\u00e9rents comme les objectifs utilis\u00e9s, d\u2019un c\u00f4t\u00e9 un Z6 II avec un 35 mm ouvert \u00e0 f\/d 2 et de l\u2019autre un Z8 avec un zoom 24-70 ouvert \u00e0 f\/d 2.8. Du coup les deux images ne poss\u00e8dent pas le m\u00eame rendu.&nbsp;<\/p>\n\n\n\n<p>Le cadrage se fait \u00e0 l\u2019aveugle pour la seconde cam\u00e9ra. L\u2019\u00e9clairage et le d\u00e9cor n\u2019ont \u00e9t\u00e9 \u00e9tudi\u00e9s que pour une cam\u00e9ra. Les images des deux setups ne sont pas vraiment harmonis\u00e9es et il faut synchroniser les deux vid\u00e9os afin d\u2019\u00e9viter un d\u00e9calage du son.<\/p>\n\n\n\n<p>J\u2019ai pos\u00e9 le Nikon Z8 sur un mini tr\u00e9pied de voyage pos\u00e9 lui-m\u00eame sur un tabouret et j\u2019ai cadr\u00e9 tant bien que mal en me filmant \u00e0 l&rsquo;aveugle.\u00a0<\/p>\n\n\n\n<p>J\u2019ai lanc\u00e9 la capture vid\u00e9o du Z8, me suis install\u00e9 face cam\u00e9ra, j\u2019ai ensuite lanc\u00e9 la capture du Z6, d\u00e9clench\u00e9 le prompteur, fait un clap comme au cin\u00e9ma, pour avoir un point de rep\u00e8re de synchronisation, puis j\u2019ai lu mon prompteur. Globalement cela a \u00e9t\u00e9 relativement simple.<\/p>\n\n\n\n<p>C\u2019est au montage les choses se sont cors\u00e9es. Je travaille toujours avec le logiciel Apple iMovie qui est tr\u00e8s bien pour un montage vid\u00e9o simple mais qui montre rapidement ses limites d\u00e8s que l\u2019on complique le projet. D\u00e9j\u00e0 caler les deux vid\u00e9os sur le clap n\u2019a pas \u00e9t\u00e9 une mince affaire. Ensuite essayer d\u2019harmoniser les deux images \u00e0 \u00e9t\u00e9 un v\u00e9ritable enfer, d\u2019ailleurs je n\u2019y suis pas vraiment arriv\u00e9.<\/p>\n\n\n\n<p>Ne pouvant regarder le flux des deux vid\u00e9os en m\u00eame temps, j\u2019ai incrust\u00e9 celui du Z8 sur l\u2019image de face. Cela me permettait de choisir la cam\u00e9ra en fonction de l\u2019avancement de la vid\u00e9o. L\u2019autre souci, c\u2019est qu\u2019avec iMovie, je ne dispose que de deux time lines d\u2019images. Si je veux incruster une photographie, je dois d\u00e9couper mon second flux vid\u00e9o et je ne peux pas incruster une image sur la vid\u00e9o de la seconde cam\u00e9ra.<\/p>\n\n\n\n<figure class=\"wp-block-embed is-type-video is-provider-youtube wp-block-embed-youtube wp-embed-aspect-16-9 wp-has-aspect-ratio\"><div class=\"wp-block-embed__wrapper\">\n<iframe loading=\"lazy\" title=\"Luke Machin - Soulshine\" width=\"584\" height=\"329\" src=\"https:\/\/www.youtube.com\/embed\/x96GrX5ZhWs?feature=oembed\" frameborder=\"0\" allow=\"accelerometer; autoplay; clipboard-write; encrypted-media; gyroscope; picture-in-picture; web-share\" referrerpolicy=\"strict-origin-when-cross-origin\" allowfullscreen><\/iframe>\n<\/div><\/figure>\n\n\n\n<p>Il m\u2019a fallu plus d\u2019une heure pour arriver \u00e0 un montage peu satisfaisant. L\u2019angle de cadrage au 3\/4 est trop bas et mon visage trop en avant. L\u2019image est plus contrast\u00e9e et ce n\u2019est pas vraiment le rendu que j\u2019esp\u00e9rais. Mais au moins j\u2019ai essay\u00e9. Je ne suis pas suffisament motiv\u00e9 actuellement pour changer de logiciel de montage, m\u2019acheter un second tr\u00e9pied, un second retour ou revoir mon \u00e9clairage mais je vais faire une nouvelle tentative, parce que je trouve que \u00e7a rend la chronique plus vivante malgr\u00e9 tout.<\/p>\n\n\n\n<p>Pour le tr\u00e9pied, j\u2019ai trouv\u00e9 une solution en recyclant celui d\u2019un projecteur LED. Pour le retour, je vais essayer d\u2019utiliser l\u2019ancien iPhone SE de mon \u00e9pouse en esp\u00e9rant qu\u2019il fonctionne encore. Reste \u00e0 trouver un angle de vue plus adapt\u00e9 que celui que j\u2019ai choisi pour Luke Machin et \u00e0 mieux harmoniser la colorim\u00e9trie des deux vid\u00e9os.<\/p>\n\n\n\n<p>N\u2019h\u00e9sitez pas \u00e0 me dire ce que vous en pensez, je suis curieux de conna\u00eetre votre avis sur ce nouveau test.<\/p>\n","protected":false},"excerpt":{"rendered":"<p>une id\u00e9e me titillait depuis longtemps, celle d\u2019utiliser mon second appareil photo pour filmer avec deux cam\u00e9ras et proposer un second point de vue <a href=\"https:\/\/www.blog.neoprog.eu\/index.php\/2025\/10\/21\/deux-cameras\/\">Continuer la lecture <span class=\"meta-nav\">&rarr;<\/span><\/a><\/p>\n","protected":false},"author":1,"featured_media":11981,"comment_status":"open","ping_status":"open","sticky":false,"template":"","format":"image","meta":{"footnotes":""},"categories":[1311,1881,7],"tags":[1962,3647,178,2086,240],"class_list":["post-11980","post","type-post","status-publish","format-image","has-post-thumbnail","hentry","category-apple","category-musiques","category-photo","tag-chroniques-en-images","tag-deux-cameras","tag-photo","tag-videos","tag-youtube","post_format-post-format-image"],"yoast_head":"<!-- This site is optimized with the Yoast SEO plugin v27.4 - https:\/\/yoast.com\/product\/yoast-seo-wordpress\/ -->\n<title>Deux cam\u00e9ras - Le Blog du N\u00e9oprog<\/title>\n<meta name=\"robots\" content=\"index, follow, max-snippet:-1, max-image-preview:large, max-video-preview:-1\" \/>\n<link rel=\"canonical\" href=\"https:\/\/www.blog.neoprog.eu\/index.php\/2025\/10\/21\/deux-cameras\/\" \/>\n<meta property=\"og:locale\" content=\"fr_FR\" \/>\n<meta property=\"og:type\" content=\"article\" \/>\n<meta property=\"og:title\" content=\"Deux cam\u00e9ras - Le Blog du N\u00e9oprog\" \/>\n<meta property=\"og:description\" content=\"une id\u00e9e me titillait depuis longtemps, celle d\u2019utiliser mon second appareil photo pour filmer avec deux cam\u00e9ras et proposer un second point de vue Continuer la lecture &rarr;\" \/>\n<meta property=\"og:url\" content=\"https:\/\/www.blog.neoprog.eu\/index.php\/2025\/10\/21\/deux-cameras\/\" \/>\n<meta property=\"og:site_name\" content=\"Le Blog du N\u00e9oprog\" \/>\n<meta property=\"article:published_time\" content=\"2025-10-21T05:49:16+00:00\" \/>\n<meta property=\"article:modified_time\" content=\"2025-10-21T05:49:17+00:00\" \/>\n<meta property=\"og:image\" content=\"https:\/\/www.blog.neoprog.eu\/wp-content\/uploads\/2025\/10\/Capture-decran-2025-10-20-a-17.28.19.png\" \/>\n\t<meta property=\"og:image:width\" content=\"1024\" \/>\n\t<meta property=\"og:image:height\" content=\"576\" \/>\n\t<meta property=\"og:image:type\" content=\"image\/png\" \/>\n<meta name=\"author\" content=\"Neoprog\" \/>\n<meta name=\"twitter:card\" content=\"summary_large_image\" \/>\n<meta name=\"twitter:creator\" content=\"@Le_Brun_JC\" \/>\n<meta name=\"twitter:site\" content=\"@Le_Brun_JC\" \/>\n<meta name=\"twitter:label1\" content=\"\u00c9crit par\" \/>\n\t<meta name=\"twitter:data1\" content=\"Neoprog\" \/>\n\t<meta name=\"twitter:label2\" content=\"Dur\u00e9e de lecture estim\u00e9e\" \/>\n\t<meta name=\"twitter:data2\" content=\"5 minutes\" \/>\n<script type=\"application\/ld+json\" class=\"yoast-schema-graph\">{\"@context\":\"https:\\\/\\\/schema.org\",\"@graph\":[{\"@type\":\"Article\",\"@id\":\"https:\\\/\\\/www.blog.neoprog.eu\\\/index.php\\\/2025\\\/10\\\/21\\\/deux-cameras\\\/#article\",\"isPartOf\":{\"@id\":\"https:\\\/\\\/www.blog.neoprog.eu\\\/index.php\\\/2025\\\/10\\\/21\\\/deux-cameras\\\/\"},\"author\":{\"name\":\"Neoprog\",\"@id\":\"https:\\\/\\\/www.blog.neoprog.eu\\\/#\\\/schema\\\/person\\\/47c594bf12736b172b772f0f02bcf511\"},\"headline\":\"Deux cam\u00e9ras\",\"datePublished\":\"2025-10-21T05:49:16+00:00\",\"dateModified\":\"2025-10-21T05:49:17+00:00\",\"mainEntityOfPage\":{\"@id\":\"https:\\\/\\\/www.blog.neoprog.eu\\\/index.php\\\/2025\\\/10\\\/21\\\/deux-cameras\\\/\"},\"wordCount\":825,\"commentCount\":0,\"publisher\":{\"@id\":\"https:\\\/\\\/www.blog.neoprog.eu\\\/#\\\/schema\\\/person\\\/47c594bf12736b172b772f0f02bcf511\"},\"image\":{\"@id\":\"https:\\\/\\\/www.blog.neoprog.eu\\\/index.php\\\/2025\\\/10\\\/21\\\/deux-cameras\\\/#primaryimage\"},\"thumbnailUrl\":\"https:\\\/\\\/www.blog.neoprog.eu\\\/wp-content\\\/uploads\\\/2025\\\/10\\\/Capture-decran-2025-10-20-a-17.28.19.png\",\"keywords\":[\"chroniques en images\",\"deux cam\u00e9ras\",\"photo\",\"vid\u00e9os\",\"Youtube\"],\"articleSection\":[\"Apple\",\"Musiques\",\"Photo\"],\"inLanguage\":\"fr-FR\",\"potentialAction\":[{\"@type\":\"CommentAction\",\"name\":\"Comment\",\"target\":[\"https:\\\/\\\/www.blog.neoprog.eu\\\/index.php\\\/2025\\\/10\\\/21\\\/deux-cameras\\\/#respond\"]}]},{\"@type\":\"WebPage\",\"@id\":\"https:\\\/\\\/www.blog.neoprog.eu\\\/index.php\\\/2025\\\/10\\\/21\\\/deux-cameras\\\/\",\"url\":\"https:\\\/\\\/www.blog.neoprog.eu\\\/index.php\\\/2025\\\/10\\\/21\\\/deux-cameras\\\/\",\"name\":\"Deux cam\u00e9ras - Le Blog du N\u00e9oprog\",\"isPartOf\":{\"@id\":\"https:\\\/\\\/www.blog.neoprog.eu\\\/#website\"},\"primaryImageOfPage\":{\"@id\":\"https:\\\/\\\/www.blog.neoprog.eu\\\/index.php\\\/2025\\\/10\\\/21\\\/deux-cameras\\\/#primaryimage\"},\"image\":{\"@id\":\"https:\\\/\\\/www.blog.neoprog.eu\\\/index.php\\\/2025\\\/10\\\/21\\\/deux-cameras\\\/#primaryimage\"},\"thumbnailUrl\":\"https:\\\/\\\/www.blog.neoprog.eu\\\/wp-content\\\/uploads\\\/2025\\\/10\\\/Capture-decran-2025-10-20-a-17.28.19.png\",\"datePublished\":\"2025-10-21T05:49:16+00:00\",\"dateModified\":\"2025-10-21T05:49:17+00:00\",\"breadcrumb\":{\"@id\":\"https:\\\/\\\/www.blog.neoprog.eu\\\/index.php\\\/2025\\\/10\\\/21\\\/deux-cameras\\\/#breadcrumb\"},\"inLanguage\":\"fr-FR\",\"potentialAction\":[{\"@type\":\"ReadAction\",\"target\":[\"https:\\\/\\\/www.blog.neoprog.eu\\\/index.php\\\/2025\\\/10\\\/21\\\/deux-cameras\\\/\"]}]},{\"@type\":\"ImageObject\",\"inLanguage\":\"fr-FR\",\"@id\":\"https:\\\/\\\/www.blog.neoprog.eu\\\/index.php\\\/2025\\\/10\\\/21\\\/deux-cameras\\\/#primaryimage\",\"url\":\"https:\\\/\\\/www.blog.neoprog.eu\\\/wp-content\\\/uploads\\\/2025\\\/10\\\/Capture-decran-2025-10-20-a-17.28.19.png\",\"contentUrl\":\"https:\\\/\\\/www.blog.neoprog.eu\\\/wp-content\\\/uploads\\\/2025\\\/10\\\/Capture-decran-2025-10-20-a-17.28.19.png\",\"width\":1024,\"height\":576},{\"@type\":\"BreadcrumbList\",\"@id\":\"https:\\\/\\\/www.blog.neoprog.eu\\\/index.php\\\/2025\\\/10\\\/21\\\/deux-cameras\\\/#breadcrumb\",\"itemListElement\":[{\"@type\":\"ListItem\",\"position\":1,\"name\":\"Home\",\"item\":\"https:\\\/\\\/www.blog.neoprog.eu\\\/\"},{\"@type\":\"ListItem\",\"position\":2,\"name\":\"Deux cam\u00e9ras\"}]},{\"@type\":\"WebSite\",\"@id\":\"https:\\\/\\\/www.blog.neoprog.eu\\\/#website\",\"url\":\"https:\\\/\\\/www.blog.neoprog.eu\\\/\",\"name\":\"Le Blog du N\u00e9oprog\",\"description\":\"\",\"publisher\":{\"@id\":\"https:\\\/\\\/www.blog.neoprog.eu\\\/#\\\/schema\\\/person\\\/47c594bf12736b172b772f0f02bcf511\"},\"potentialAction\":[{\"@type\":\"SearchAction\",\"target\":{\"@type\":\"EntryPoint\",\"urlTemplate\":\"https:\\\/\\\/www.blog.neoprog.eu\\\/?s={search_term_string}\"},\"query-input\":{\"@type\":\"PropertyValueSpecification\",\"valueRequired\":true,\"valueName\":\"search_term_string\"}}],\"inLanguage\":\"fr-FR\"},{\"@type\":[\"Person\",\"Organization\"],\"@id\":\"https:\\\/\\\/www.blog.neoprog.eu\\\/#\\\/schema\\\/person\\\/47c594bf12736b172b772f0f02bcf511\",\"name\":\"Neoprog\",\"image\":{\"@type\":\"ImageObject\",\"inLanguage\":\"fr-FR\",\"@id\":\"https:\\\/\\\/www.blog.neoprog.eu\\\/wp-content\\\/uploads\\\/2022\\\/09\\\/autoportrait-2.jpg\",\"url\":\"https:\\\/\\\/www.blog.neoprog.eu\\\/wp-content\\\/uploads\\\/2022\\\/09\\\/autoportrait-2.jpg\",\"contentUrl\":\"https:\\\/\\\/www.blog.neoprog.eu\\\/wp-content\\\/uploads\\\/2022\\\/09\\\/autoportrait-2.jpg\",\"width\":1024,\"height\":681,\"caption\":\"Neoprog\"},\"logo\":{\"@id\":\"https:\\\/\\\/www.blog.neoprog.eu\\\/wp-content\\\/uploads\\\/2022\\\/09\\\/autoportrait-2.jpg\"}}]}<\/script>\n<!-- \/ Yoast SEO plugin. -->","yoast_head_json":{"title":"Deux cam\u00e9ras - Le Blog du N\u00e9oprog","robots":{"index":"index","follow":"follow","max-snippet":"max-snippet:-1","max-image-preview":"max-image-preview:large","max-video-preview":"max-video-preview:-1"},"canonical":"https:\/\/www.blog.neoprog.eu\/index.php\/2025\/10\/21\/deux-cameras\/","og_locale":"fr_FR","og_type":"article","og_title":"Deux cam\u00e9ras - Le Blog du N\u00e9oprog","og_description":"une id\u00e9e me titillait depuis longtemps, celle d\u2019utiliser mon second appareil photo pour filmer avec deux cam\u00e9ras et proposer un second point de vue Continuer la lecture &rarr;","og_url":"https:\/\/www.blog.neoprog.eu\/index.php\/2025\/10\/21\/deux-cameras\/","og_site_name":"Le Blog du N\u00e9oprog","article_published_time":"2025-10-21T05:49:16+00:00","article_modified_time":"2025-10-21T05:49:17+00:00","og_image":[{"width":1024,"height":576,"url":"https:\/\/www.blog.neoprog.eu\/wp-content\/uploads\/2025\/10\/Capture-decran-2025-10-20-a-17.28.19.png","type":"image\/png"}],"author":"Neoprog","twitter_card":"summary_large_image","twitter_creator":"@Le_Brun_JC","twitter_site":"@Le_Brun_JC","twitter_misc":{"\u00c9crit par":"Neoprog","Dur\u00e9e de lecture estim\u00e9e":"5 minutes"},"schema":{"@context":"https:\/\/schema.org","@graph":[{"@type":"Article","@id":"https:\/\/www.blog.neoprog.eu\/index.php\/2025\/10\/21\/deux-cameras\/#article","isPartOf":{"@id":"https:\/\/www.blog.neoprog.eu\/index.php\/2025\/10\/21\/deux-cameras\/"},"author":{"name":"Neoprog","@id":"https:\/\/www.blog.neoprog.eu\/#\/schema\/person\/47c594bf12736b172b772f0f02bcf511"},"headline":"Deux cam\u00e9ras","datePublished":"2025-10-21T05:49:16+00:00","dateModified":"2025-10-21T05:49:17+00:00","mainEntityOfPage":{"@id":"https:\/\/www.blog.neoprog.eu\/index.php\/2025\/10\/21\/deux-cameras\/"},"wordCount":825,"commentCount":0,"publisher":{"@id":"https:\/\/www.blog.neoprog.eu\/#\/schema\/person\/47c594bf12736b172b772f0f02bcf511"},"image":{"@id":"https:\/\/www.blog.neoprog.eu\/index.php\/2025\/10\/21\/deux-cameras\/#primaryimage"},"thumbnailUrl":"https:\/\/www.blog.neoprog.eu\/wp-content\/uploads\/2025\/10\/Capture-decran-2025-10-20-a-17.28.19.png","keywords":["chroniques en images","deux cam\u00e9ras","photo","vid\u00e9os","Youtube"],"articleSection":["Apple","Musiques","Photo"],"inLanguage":"fr-FR","potentialAction":[{"@type":"CommentAction","name":"Comment","target":["https:\/\/www.blog.neoprog.eu\/index.php\/2025\/10\/21\/deux-cameras\/#respond"]}]},{"@type":"WebPage","@id":"https:\/\/www.blog.neoprog.eu\/index.php\/2025\/10\/21\/deux-cameras\/","url":"https:\/\/www.blog.neoprog.eu\/index.php\/2025\/10\/21\/deux-cameras\/","name":"Deux cam\u00e9ras - Le Blog du N\u00e9oprog","isPartOf":{"@id":"https:\/\/www.blog.neoprog.eu\/#website"},"primaryImageOfPage":{"@id":"https:\/\/www.blog.neoprog.eu\/index.php\/2025\/10\/21\/deux-cameras\/#primaryimage"},"image":{"@id":"https:\/\/www.blog.neoprog.eu\/index.php\/2025\/10\/21\/deux-cameras\/#primaryimage"},"thumbnailUrl":"https:\/\/www.blog.neoprog.eu\/wp-content\/uploads\/2025\/10\/Capture-decran-2025-10-20-a-17.28.19.png","datePublished":"2025-10-21T05:49:16+00:00","dateModified":"2025-10-21T05:49:17+00:00","breadcrumb":{"@id":"https:\/\/www.blog.neoprog.eu\/index.php\/2025\/10\/21\/deux-cameras\/#breadcrumb"},"inLanguage":"fr-FR","potentialAction":[{"@type":"ReadAction","target":["https:\/\/www.blog.neoprog.eu\/index.php\/2025\/10\/21\/deux-cameras\/"]}]},{"@type":"ImageObject","inLanguage":"fr-FR","@id":"https:\/\/www.blog.neoprog.eu\/index.php\/2025\/10\/21\/deux-cameras\/#primaryimage","url":"https:\/\/www.blog.neoprog.eu\/wp-content\/uploads\/2025\/10\/Capture-decran-2025-10-20-a-17.28.19.png","contentUrl":"https:\/\/www.blog.neoprog.eu\/wp-content\/uploads\/2025\/10\/Capture-decran-2025-10-20-a-17.28.19.png","width":1024,"height":576},{"@type":"BreadcrumbList","@id":"https:\/\/www.blog.neoprog.eu\/index.php\/2025\/10\/21\/deux-cameras\/#breadcrumb","itemListElement":[{"@type":"ListItem","position":1,"name":"Home","item":"https:\/\/www.blog.neoprog.eu\/"},{"@type":"ListItem","position":2,"name":"Deux cam\u00e9ras"}]},{"@type":"WebSite","@id":"https:\/\/www.blog.neoprog.eu\/#website","url":"https:\/\/www.blog.neoprog.eu\/","name":"Le Blog du N\u00e9oprog","description":"","publisher":{"@id":"https:\/\/www.blog.neoprog.eu\/#\/schema\/person\/47c594bf12736b172b772f0f02bcf511"},"potentialAction":[{"@type":"SearchAction","target":{"@type":"EntryPoint","urlTemplate":"https:\/\/www.blog.neoprog.eu\/?s={search_term_string}"},"query-input":{"@type":"PropertyValueSpecification","valueRequired":true,"valueName":"search_term_string"}}],"inLanguage":"fr-FR"},{"@type":["Person","Organization"],"@id":"https:\/\/www.blog.neoprog.eu\/#\/schema\/person\/47c594bf12736b172b772f0f02bcf511","name":"Neoprog","image":{"@type":"ImageObject","inLanguage":"fr-FR","@id":"https:\/\/www.blog.neoprog.eu\/wp-content\/uploads\/2022\/09\/autoportrait-2.jpg","url":"https:\/\/www.blog.neoprog.eu\/wp-content\/uploads\/2022\/09\/autoportrait-2.jpg","contentUrl":"https:\/\/www.blog.neoprog.eu\/wp-content\/uploads\/2022\/09\/autoportrait-2.jpg","width":1024,"height":681,"caption":"Neoprog"},"logo":{"@id":"https:\/\/www.blog.neoprog.eu\/wp-content\/uploads\/2022\/09\/autoportrait-2.jpg"}}]}},"_links":{"self":[{"href":"https:\/\/www.blog.neoprog.eu\/index.php\/wp-json\/wp\/v2\/posts\/11980","targetHints":{"allow":["GET"]}}],"collection":[{"href":"https:\/\/www.blog.neoprog.eu\/index.php\/wp-json\/wp\/v2\/posts"}],"about":[{"href":"https:\/\/www.blog.neoprog.eu\/index.php\/wp-json\/wp\/v2\/types\/post"}],"author":[{"embeddable":true,"href":"https:\/\/www.blog.neoprog.eu\/index.php\/wp-json\/wp\/v2\/users\/1"}],"replies":[{"embeddable":true,"href":"https:\/\/www.blog.neoprog.eu\/index.php\/wp-json\/wp\/v2\/comments?post=11980"}],"version-history":[{"count":1,"href":"https:\/\/www.blog.neoprog.eu\/index.php\/wp-json\/wp\/v2\/posts\/11980\/revisions"}],"predecessor-version":[{"id":11982,"href":"https:\/\/www.blog.neoprog.eu\/index.php\/wp-json\/wp\/v2\/posts\/11980\/revisions\/11982"}],"wp:featuredmedia":[{"embeddable":true,"href":"https:\/\/www.blog.neoprog.eu\/index.php\/wp-json\/wp\/v2\/media\/11981"}],"wp:attachment":[{"href":"https:\/\/www.blog.neoprog.eu\/index.php\/wp-json\/wp\/v2\/media?parent=11980"}],"wp:term":[{"taxonomy":"category","embeddable":true,"href":"https:\/\/www.blog.neoprog.eu\/index.php\/wp-json\/wp\/v2\/categories?post=11980"},{"taxonomy":"post_tag","embeddable":true,"href":"https:\/\/www.blog.neoprog.eu\/index.php\/wp-json\/wp\/v2\/tags?post=11980"}],"curies":[{"name":"wp","href":"https:\/\/api.w.org\/{rel}","templated":true}]}}