{"id":12113,"date":"2025-12-11T08:00:00","date_gmt":"2025-12-11T07:00:00","guid":{"rendered":"https:\/\/www.blog.neoprog.eu\/?p=12113"},"modified":"2025-12-07T15:14:49","modified_gmt":"2025-12-07T14:14:49","slug":"le-jour-ou-mon-mac-mourut","status":"publish","type":"post","link":"https:\/\/www.blog.neoprog.eu\/index.php\/2025\/12\/11\/le-jour-ou-mon-mac-mourut\/","title":{"rendered":"Le jour o\u00f9 mon Mac mourut"},"content":{"rendered":"\n<figure class=\"wp-block-image size-full\"><img loading=\"lazy\" decoding=\"async\" width=\"1024\" height=\"576\" src=\"https:\/\/www.blog.neoprog.eu\/wp-content\/uploads\/2025\/12\/Vieille-pomme.jpg\" alt=\"\" class=\"wp-image-12114\" srcset=\"https:\/\/www.blog.neoprog.eu\/wp-content\/uploads\/2025\/12\/Vieille-pomme.jpg 1024w, https:\/\/www.blog.neoprog.eu\/wp-content\/uploads\/2025\/12\/Vieille-pomme-300x169.jpg 300w, https:\/\/www.blog.neoprog.eu\/wp-content\/uploads\/2025\/12\/Vieille-pomme-768x432.jpg 768w, https:\/\/www.blog.neoprog.eu\/wp-content\/uploads\/2025\/12\/Vieille-pomme-500x281.jpg 500w\" sizes=\"auto, (max-width: 1024px) 100vw, 1024px\" \/><\/figure>\n\n\n\n<p>Un jour comme un autre, Adobe sorti la version 15.0 du logiciel Lightroom, la lampe du vid\u00e9o projecteur explosa en plein \u00e9pisode d\u2019une s\u00e9rie TV passionnante et je crevais le pneu avant de mon v\u00e9lo. Il y a des jours comme \u00e7a\u2026 <\/p>\n\n\n\n<p>Bon, une lampe de vid\u00e9o projecteur ne co\u00fbte qu\u2019une centaine d\u2019euros et la r\u00e9paration d\u2019un pneu ne prend dix minutes. Par contre la version 15.0 de Lightroom elle, risquait de me co\u00fbter un mois de salaire. <\/p>\n\n\n\n<p>Oui parce que mon iMac a plus de sept ans de bons et loyaux services et que Apple ne le met plus \u00e0 jour. Et la derni\u00e8re version de Lightroom ne fonctionne pas avec mon OS. La guigne ! <\/p>\n\n\n\n<p>C\u2019est pourtant une super machine qui fait parfaitement le taf : \u00e9cran r\u00e9tina 27 pouces, processeur i7 quadricoeur, 32 Go de RAM et un SSD de 2 To sans parler de sa carte graphique. Ne plus mettre \u00e0 jour une telle machine, cela s\u2019appelle l\u2019obsolescence programm\u00e9e et c\u2019est le genre de g\u00e2chis qui m\u2019exasp\u00e8re.<\/p>\n\n\n\n<p>Car je vais devoir in\u00e9vitablement changer de machine si je veux profiter des \u00e9volutions du logiciel Lightroom. M\u00eame le soft CleanMyMac me signale que sa nouvelle mouture ne peut pas tourner sur ma machine. Quelle guigne ! <\/p>\n\n\n\n<p>J\u2019avais la b\u00e9n\u00e9diction de mon \u00e9pouse pour claquer plus d\u2019un mois de salaire dans un nouvel ordinateur, mais je ne vous cache pas que je n\u2019avais pas envie de franchir le pas. J\u2019envisageais plut\u00f4t de m\u2019offrir une nouvelle cam\u00e9ra pour l\u2019astronomie. <\/p>\n\n\n\n<p>Et puis changer pour quoi ? Un iMac, un MacBook Air, Pro, un Mac Mini ? Le MacBook Pro en 14 pouces me permettait d\u2019\u00eatre nomade et de d\u00e9velopper mes photos sur le terrain comme le font bon nombre de photographes de concert que j\u2019ai crois\u00e9. Mais bon 14 pouces c\u2019est petit apr\u00e8s avoir travaill\u00e9 sur un 27 pouces. <\/p>\n\n\n\n<p>L\u2019iMac \u00e9tait la solution la plus raisonnable avec son \u00e9cran 24 pouces m\u00eame si question processeur, ce n\u2019est qu\u2019un M4. <\/p>\n\n\n\n<p>Ma config actuelle est clairement hors norme, j\u2019en suis bien conscient : 32 Go de RAM 8 Go de vid\u00e9o avec 2 To sachant que j\u2019utilise en plus un SSD externe de 2 To pour la photographie astro (oui \u00e7a prend de la place ces images). <\/p>\n\n\n\n<p>Figurez-vous que Apple ne propose aucune configuration aussi muscl\u00e9e en standard. Il faut une machine personnalis\u00e9e \u00e0 750 \u20ac le To. \u00c7a calme\u2026 <\/p>\n\n\n\n<p>D\u2019apr\u00e8s Adobe, Lightroom tournerait de mani\u00e8re optimale avec 16 Go et un processeur M4, ce qui signifie que je pouvais revoir ma copie \u00e0 la baisse en multipliant les SSD externes pour stocker toutes mes images (mon catalogue Lightroom fait presque un To et je ne conserve que l\u2019indispensable). <\/p>\n\n\n\n<p>Mais bon, le fait est que mon iMac fonctionne tr\u00e8s bien et que je n\u2019avais pas envie d\u2019en changer. J\u2019avais d\u00e9cid\u00e9 d\u2019entrer en r\u00e9sistance, de ne pas changer de machine, d\u2019attendre pour voir combien de mois encore j\u2019allais tenir sans craquer, combien de versions et mises \u00e0 jour de Lightroom allaient \u00eatre d\u00e9ploy\u00e9es avant que je ne sois oblig\u00e9 d\u2019acheter une nouvelle machine. <\/p>\n\n\n\n<p>Mais voil\u00e0, j\u2019ai fait l\u2019erreur d\u2019installer Lightroom sur mon petit ThinkPad sous Windows 11, j\u2019ai vu la nouvelle version tourner, et comme j\u2019ai une grande force de caract\u00e8re, j\u2019ai fonc\u00e9 \u00e0 la boutique Apple. Me voil\u00e0 donc avec un McBook Pro M5 de 14 pouces de 1 To et 24 Go flambant neuf. <\/p>\n\n\n\n<p>C&rsquo;est \u00e7a la force de caract\u00e8re, oui monsieur !<\/p>\n","protected":false},"excerpt":{"rendered":"<p>Un jour comme un autre, Adobe sorti la version 15.0 du logiciel Lightroom, la lampe du vid\u00e9o projecteur explosa en plein \u00e9pisode d\u2019une s\u00e9rie TV passionnante et je crevais le pneu avant de mon v\u00e9lo.  <a href=\"https:\/\/www.blog.neoprog.eu\/index.php\/2025\/12\/11\/le-jour-ou-mon-mac-mourut\/\">Continuer la lecture <span class=\"meta-nav\">&rarr;<\/span><\/a><\/p>\n","protected":false},"author":1,"featured_media":12114,"comment_status":"open","ping_status":"open","sticky":false,"template":"","format":"image","meta":{"footnotes":""},"categories":[1311,59,7],"tags":[767,683,579,3692],"class_list":["post-12113","post","type-post","status-publish","format-image","has-post-thumbnail","hentry","category-apple","category-humeur","category-photo","tag-apple","tag-lightroom","tag-obsolescence","tag-ordinateur","post_format-post-format-image"],"yoast_head":"<!-- This site is optimized with the Yoast SEO plugin v27.5 - https:\/\/yoast.com\/product\/yoast-seo-wordpress\/ -->\n<title>Le jour o\u00f9 mon Mac mourut - Le Blog du N\u00e9oprog<\/title>\n<meta name=\"robots\" content=\"index, follow, max-snippet:-1, max-image-preview:large, max-video-preview:-1\" \/>\n<link rel=\"canonical\" href=\"https:\/\/www.blog.neoprog.eu\/index.php\/2025\/12\/11\/le-jour-ou-mon-mac-mourut\/\" \/>\n<meta property=\"og:locale\" content=\"fr_FR\" \/>\n<meta property=\"og:type\" content=\"article\" \/>\n<meta property=\"og:title\" content=\"Le jour o\u00f9 mon Mac mourut - Le Blog du N\u00e9oprog\" \/>\n<meta property=\"og:description\" content=\"Un jour comme un autre, Adobe sorti la version 15.0 du logiciel Lightroom, la lampe du vid\u00e9o projecteur explosa en plein \u00e9pisode d\u2019une s\u00e9rie TV passionnante et je crevais le pneu avant de mon v\u00e9lo. Continuer la lecture &rarr;\" \/>\n<meta property=\"og:url\" content=\"https:\/\/www.blog.neoprog.eu\/index.php\/2025\/12\/11\/le-jour-ou-mon-mac-mourut\/\" \/>\n<meta property=\"og:site_name\" content=\"Le Blog du N\u00e9oprog\" \/>\n<meta property=\"article:published_time\" content=\"2025-12-11T07:00:00+00:00\" \/>\n<meta property=\"og:image\" content=\"https:\/\/www.blog.neoprog.eu\/wp-content\/uploads\/2025\/12\/Vieille-pomme.jpg\" \/>\n\t<meta property=\"og:image:width\" content=\"1024\" \/>\n\t<meta property=\"og:image:height\" content=\"576\" \/>\n\t<meta property=\"og:image:type\" content=\"image\/jpeg\" \/>\n<meta name=\"author\" content=\"Neoprog\" \/>\n<meta name=\"twitter:card\" content=\"summary_large_image\" \/>\n<meta name=\"twitter:creator\" content=\"@Le_Brun_JC\" \/>\n<meta name=\"twitter:site\" content=\"@Le_Brun_JC\" \/>\n<meta name=\"twitter:label1\" content=\"\u00c9crit par\" \/>\n\t<meta name=\"twitter:data1\" content=\"Neoprog\" \/>\n\t<meta name=\"twitter:label2\" content=\"Dur\u00e9e de lecture estim\u00e9e\" \/>\n\t<meta name=\"twitter:data2\" content=\"4 minutes\" \/>\n<script type=\"application\/ld+json\" class=\"yoast-schema-graph\">{\"@context\":\"https:\\\/\\\/schema.org\",\"@graph\":[{\"@type\":\"Article\",\"@id\":\"https:\\\/\\\/www.blog.neoprog.eu\\\/index.php\\\/2025\\\/12\\\/11\\\/le-jour-ou-mon-mac-mourut\\\/#article\",\"isPartOf\":{\"@id\":\"https:\\\/\\\/www.blog.neoprog.eu\\\/index.php\\\/2025\\\/12\\\/11\\\/le-jour-ou-mon-mac-mourut\\\/\"},\"author\":{\"name\":\"Neoprog\",\"@id\":\"https:\\\/\\\/www.blog.neoprog.eu\\\/#\\\/schema\\\/person\\\/47c594bf12736b172b772f0f02bcf511\"},\"headline\":\"Le jour o\u00f9 mon Mac mourut\",\"datePublished\":\"2025-12-11T07:00:00+00:00\",\"mainEntityOfPage\":{\"@id\":\"https:\\\/\\\/www.blog.neoprog.eu\\\/index.php\\\/2025\\\/12\\\/11\\\/le-jour-ou-mon-mac-mourut\\\/\"},\"wordCount\":615,\"commentCount\":0,\"publisher\":{\"@id\":\"https:\\\/\\\/www.blog.neoprog.eu\\\/#\\\/schema\\\/person\\\/47c594bf12736b172b772f0f02bcf511\"},\"image\":{\"@id\":\"https:\\\/\\\/www.blog.neoprog.eu\\\/index.php\\\/2025\\\/12\\\/11\\\/le-jour-ou-mon-mac-mourut\\\/#primaryimage\"},\"thumbnailUrl\":\"https:\\\/\\\/www.blog.neoprog.eu\\\/wp-content\\\/uploads\\\/2025\\\/12\\\/Vieille-pomme.jpg\",\"keywords\":[\"Apple\",\"lightroom\",\"obsolescence\",\"ordinateur\"],\"articleSection\":[\"Apple\",\"Humeurs\",\"Photo\"],\"inLanguage\":\"fr-FR\",\"potentialAction\":[{\"@type\":\"CommentAction\",\"name\":\"Comment\",\"target\":[\"https:\\\/\\\/www.blog.neoprog.eu\\\/index.php\\\/2025\\\/12\\\/11\\\/le-jour-ou-mon-mac-mourut\\\/#respond\"]}]},{\"@type\":\"WebPage\",\"@id\":\"https:\\\/\\\/www.blog.neoprog.eu\\\/index.php\\\/2025\\\/12\\\/11\\\/le-jour-ou-mon-mac-mourut\\\/\",\"url\":\"https:\\\/\\\/www.blog.neoprog.eu\\\/index.php\\\/2025\\\/12\\\/11\\\/le-jour-ou-mon-mac-mourut\\\/\",\"name\":\"Le jour o\u00f9 mon Mac mourut - Le Blog du N\u00e9oprog\",\"isPartOf\":{\"@id\":\"https:\\\/\\\/www.blog.neoprog.eu\\\/#website\"},\"primaryImageOfPage\":{\"@id\":\"https:\\\/\\\/www.blog.neoprog.eu\\\/index.php\\\/2025\\\/12\\\/11\\\/le-jour-ou-mon-mac-mourut\\\/#primaryimage\"},\"image\":{\"@id\":\"https:\\\/\\\/www.blog.neoprog.eu\\\/index.php\\\/2025\\\/12\\\/11\\\/le-jour-ou-mon-mac-mourut\\\/#primaryimage\"},\"thumbnailUrl\":\"https:\\\/\\\/www.blog.neoprog.eu\\\/wp-content\\\/uploads\\\/2025\\\/12\\\/Vieille-pomme.jpg\",\"datePublished\":\"2025-12-11T07:00:00+00:00\",\"breadcrumb\":{\"@id\":\"https:\\\/\\\/www.blog.neoprog.eu\\\/index.php\\\/2025\\\/12\\\/11\\\/le-jour-ou-mon-mac-mourut\\\/#breadcrumb\"},\"inLanguage\":\"fr-FR\",\"potentialAction\":[{\"@type\":\"ReadAction\",\"target\":[\"https:\\\/\\\/www.blog.neoprog.eu\\\/index.php\\\/2025\\\/12\\\/11\\\/le-jour-ou-mon-mac-mourut\\\/\"]}]},{\"@type\":\"ImageObject\",\"inLanguage\":\"fr-FR\",\"@id\":\"https:\\\/\\\/www.blog.neoprog.eu\\\/index.php\\\/2025\\\/12\\\/11\\\/le-jour-ou-mon-mac-mourut\\\/#primaryimage\",\"url\":\"https:\\\/\\\/www.blog.neoprog.eu\\\/wp-content\\\/uploads\\\/2025\\\/12\\\/Vieille-pomme.jpg\",\"contentUrl\":\"https:\\\/\\\/www.blog.neoprog.eu\\\/wp-content\\\/uploads\\\/2025\\\/12\\\/Vieille-pomme.jpg\",\"width\":1024,\"height\":576},{\"@type\":\"BreadcrumbList\",\"@id\":\"https:\\\/\\\/www.blog.neoprog.eu\\\/index.php\\\/2025\\\/12\\\/11\\\/le-jour-ou-mon-mac-mourut\\\/#breadcrumb\",\"itemListElement\":[{\"@type\":\"ListItem\",\"position\":1,\"name\":\"Home\",\"item\":\"https:\\\/\\\/www.blog.neoprog.eu\\\/\"},{\"@type\":\"ListItem\",\"position\":2,\"name\":\"Le jour o\u00f9 mon Mac mourut\"}]},{\"@type\":\"WebSite\",\"@id\":\"https:\\\/\\\/www.blog.neoprog.eu\\\/#website\",\"url\":\"https:\\\/\\\/www.blog.neoprog.eu\\\/\",\"name\":\"Le Blog du N\u00e9oprog\",\"description\":\"\",\"publisher\":{\"@id\":\"https:\\\/\\\/www.blog.neoprog.eu\\\/#\\\/schema\\\/person\\\/47c594bf12736b172b772f0f02bcf511\"},\"potentialAction\":[{\"@type\":\"SearchAction\",\"target\":{\"@type\":\"EntryPoint\",\"urlTemplate\":\"https:\\\/\\\/www.blog.neoprog.eu\\\/?s={search_term_string}\"},\"query-input\":{\"@type\":\"PropertyValueSpecification\",\"valueRequired\":true,\"valueName\":\"search_term_string\"}}],\"inLanguage\":\"fr-FR\"},{\"@type\":[\"Person\",\"Organization\"],\"@id\":\"https:\\\/\\\/www.blog.neoprog.eu\\\/#\\\/schema\\\/person\\\/47c594bf12736b172b772f0f02bcf511\",\"name\":\"Neoprog\",\"image\":{\"@type\":\"ImageObject\",\"inLanguage\":\"fr-FR\",\"@id\":\"https:\\\/\\\/www.blog.neoprog.eu\\\/wp-content\\\/uploads\\\/2022\\\/09\\\/autoportrait-2.jpg\",\"url\":\"https:\\\/\\\/www.blog.neoprog.eu\\\/wp-content\\\/uploads\\\/2022\\\/09\\\/autoportrait-2.jpg\",\"contentUrl\":\"https:\\\/\\\/www.blog.neoprog.eu\\\/wp-content\\\/uploads\\\/2022\\\/09\\\/autoportrait-2.jpg\",\"width\":1024,\"height\":681,\"caption\":\"Neoprog\"},\"logo\":{\"@id\":\"https:\\\/\\\/www.blog.neoprog.eu\\\/wp-content\\\/uploads\\\/2022\\\/09\\\/autoportrait-2.jpg\"}}]}<\/script>\n<!-- \/ Yoast SEO plugin. -->","yoast_head_json":{"title":"Le jour o\u00f9 mon Mac mourut - Le Blog du N\u00e9oprog","robots":{"index":"index","follow":"follow","max-snippet":"max-snippet:-1","max-image-preview":"max-image-preview:large","max-video-preview":"max-video-preview:-1"},"canonical":"https:\/\/www.blog.neoprog.eu\/index.php\/2025\/12\/11\/le-jour-ou-mon-mac-mourut\/","og_locale":"fr_FR","og_type":"article","og_title":"Le jour o\u00f9 mon Mac mourut - Le Blog du N\u00e9oprog","og_description":"Un jour comme un autre, Adobe sorti la version 15.0 du logiciel Lightroom, la lampe du vid\u00e9o projecteur explosa en plein \u00e9pisode d\u2019une s\u00e9rie TV passionnante et je crevais le pneu avant de mon v\u00e9lo. Continuer la lecture &rarr;","og_url":"https:\/\/www.blog.neoprog.eu\/index.php\/2025\/12\/11\/le-jour-ou-mon-mac-mourut\/","og_site_name":"Le Blog du N\u00e9oprog","article_published_time":"2025-12-11T07:00:00+00:00","og_image":[{"width":1024,"height":576,"url":"https:\/\/www.blog.neoprog.eu\/wp-content\/uploads\/2025\/12\/Vieille-pomme.jpg","type":"image\/jpeg"}],"author":"Neoprog","twitter_card":"summary_large_image","twitter_creator":"@Le_Brun_JC","twitter_site":"@Le_Brun_JC","twitter_misc":{"\u00c9crit par":"Neoprog","Dur\u00e9e de lecture estim\u00e9e":"4 minutes"},"schema":{"@context":"https:\/\/schema.org","@graph":[{"@type":"Article","@id":"https:\/\/www.blog.neoprog.eu\/index.php\/2025\/12\/11\/le-jour-ou-mon-mac-mourut\/#article","isPartOf":{"@id":"https:\/\/www.blog.neoprog.eu\/index.php\/2025\/12\/11\/le-jour-ou-mon-mac-mourut\/"},"author":{"name":"Neoprog","@id":"https:\/\/www.blog.neoprog.eu\/#\/schema\/person\/47c594bf12736b172b772f0f02bcf511"},"headline":"Le jour o\u00f9 mon Mac mourut","datePublished":"2025-12-11T07:00:00+00:00","mainEntityOfPage":{"@id":"https:\/\/www.blog.neoprog.eu\/index.php\/2025\/12\/11\/le-jour-ou-mon-mac-mourut\/"},"wordCount":615,"commentCount":0,"publisher":{"@id":"https:\/\/www.blog.neoprog.eu\/#\/schema\/person\/47c594bf12736b172b772f0f02bcf511"},"image":{"@id":"https:\/\/www.blog.neoprog.eu\/index.php\/2025\/12\/11\/le-jour-ou-mon-mac-mourut\/#primaryimage"},"thumbnailUrl":"https:\/\/www.blog.neoprog.eu\/wp-content\/uploads\/2025\/12\/Vieille-pomme.jpg","keywords":["Apple","lightroom","obsolescence","ordinateur"],"articleSection":["Apple","Humeurs","Photo"],"inLanguage":"fr-FR","potentialAction":[{"@type":"CommentAction","name":"Comment","target":["https:\/\/www.blog.neoprog.eu\/index.php\/2025\/12\/11\/le-jour-ou-mon-mac-mourut\/#respond"]}]},{"@type":"WebPage","@id":"https:\/\/www.blog.neoprog.eu\/index.php\/2025\/12\/11\/le-jour-ou-mon-mac-mourut\/","url":"https:\/\/www.blog.neoprog.eu\/index.php\/2025\/12\/11\/le-jour-ou-mon-mac-mourut\/","name":"Le jour o\u00f9 mon Mac mourut - Le Blog du N\u00e9oprog","isPartOf":{"@id":"https:\/\/www.blog.neoprog.eu\/#website"},"primaryImageOfPage":{"@id":"https:\/\/www.blog.neoprog.eu\/index.php\/2025\/12\/11\/le-jour-ou-mon-mac-mourut\/#primaryimage"},"image":{"@id":"https:\/\/www.blog.neoprog.eu\/index.php\/2025\/12\/11\/le-jour-ou-mon-mac-mourut\/#primaryimage"},"thumbnailUrl":"https:\/\/www.blog.neoprog.eu\/wp-content\/uploads\/2025\/12\/Vieille-pomme.jpg","datePublished":"2025-12-11T07:00:00+00:00","breadcrumb":{"@id":"https:\/\/www.blog.neoprog.eu\/index.php\/2025\/12\/11\/le-jour-ou-mon-mac-mourut\/#breadcrumb"},"inLanguage":"fr-FR","potentialAction":[{"@type":"ReadAction","target":["https:\/\/www.blog.neoprog.eu\/index.php\/2025\/12\/11\/le-jour-ou-mon-mac-mourut\/"]}]},{"@type":"ImageObject","inLanguage":"fr-FR","@id":"https:\/\/www.blog.neoprog.eu\/index.php\/2025\/12\/11\/le-jour-ou-mon-mac-mourut\/#primaryimage","url":"https:\/\/www.blog.neoprog.eu\/wp-content\/uploads\/2025\/12\/Vieille-pomme.jpg","contentUrl":"https:\/\/www.blog.neoprog.eu\/wp-content\/uploads\/2025\/12\/Vieille-pomme.jpg","width":1024,"height":576},{"@type":"BreadcrumbList","@id":"https:\/\/www.blog.neoprog.eu\/index.php\/2025\/12\/11\/le-jour-ou-mon-mac-mourut\/#breadcrumb","itemListElement":[{"@type":"ListItem","position":1,"name":"Home","item":"https:\/\/www.blog.neoprog.eu\/"},{"@type":"ListItem","position":2,"name":"Le jour o\u00f9 mon Mac mourut"}]},{"@type":"WebSite","@id":"https:\/\/www.blog.neoprog.eu\/#website","url":"https:\/\/www.blog.neoprog.eu\/","name":"Le Blog du N\u00e9oprog","description":"","publisher":{"@id":"https:\/\/www.blog.neoprog.eu\/#\/schema\/person\/47c594bf12736b172b772f0f02bcf511"},"potentialAction":[{"@type":"SearchAction","target":{"@type":"EntryPoint","urlTemplate":"https:\/\/www.blog.neoprog.eu\/?s={search_term_string}"},"query-input":{"@type":"PropertyValueSpecification","valueRequired":true,"valueName":"search_term_string"}}],"inLanguage":"fr-FR"},{"@type":["Person","Organization"],"@id":"https:\/\/www.blog.neoprog.eu\/#\/schema\/person\/47c594bf12736b172b772f0f02bcf511","name":"Neoprog","image":{"@type":"ImageObject","inLanguage":"fr-FR","@id":"https:\/\/www.blog.neoprog.eu\/wp-content\/uploads\/2022\/09\/autoportrait-2.jpg","url":"https:\/\/www.blog.neoprog.eu\/wp-content\/uploads\/2022\/09\/autoportrait-2.jpg","contentUrl":"https:\/\/www.blog.neoprog.eu\/wp-content\/uploads\/2022\/09\/autoportrait-2.jpg","width":1024,"height":681,"caption":"Neoprog"},"logo":{"@id":"https:\/\/www.blog.neoprog.eu\/wp-content\/uploads\/2022\/09\/autoportrait-2.jpg"}}]}},"_links":{"self":[{"href":"https:\/\/www.blog.neoprog.eu\/index.php\/wp-json\/wp\/v2\/posts\/12113","targetHints":{"allow":["GET"]}}],"collection":[{"href":"https:\/\/www.blog.neoprog.eu\/index.php\/wp-json\/wp\/v2\/posts"}],"about":[{"href":"https:\/\/www.blog.neoprog.eu\/index.php\/wp-json\/wp\/v2\/types\/post"}],"author":[{"embeddable":true,"href":"https:\/\/www.blog.neoprog.eu\/index.php\/wp-json\/wp\/v2\/users\/1"}],"replies":[{"embeddable":true,"href":"https:\/\/www.blog.neoprog.eu\/index.php\/wp-json\/wp\/v2\/comments?post=12113"}],"version-history":[{"count":2,"href":"https:\/\/www.blog.neoprog.eu\/index.php\/wp-json\/wp\/v2\/posts\/12113\/revisions"}],"predecessor-version":[{"id":12117,"href":"https:\/\/www.blog.neoprog.eu\/index.php\/wp-json\/wp\/v2\/posts\/12113\/revisions\/12117"}],"wp:featuredmedia":[{"embeddable":true,"href":"https:\/\/www.blog.neoprog.eu\/index.php\/wp-json\/wp\/v2\/media\/12114"}],"wp:attachment":[{"href":"https:\/\/www.blog.neoprog.eu\/index.php\/wp-json\/wp\/v2\/media?parent=12113"}],"wp:term":[{"taxonomy":"category","embeddable":true,"href":"https:\/\/www.blog.neoprog.eu\/index.php\/wp-json\/wp\/v2\/categories?post=12113"},{"taxonomy":"post_tag","embeddable":true,"href":"https:\/\/www.blog.neoprog.eu\/index.php\/wp-json\/wp\/v2\/tags?post=12113"}],"curies":[{"name":"wp","href":"https:\/\/api.w.org\/{rel}","templated":true}]}}