{"id":12357,"date":"2026-03-12T08:00:00","date_gmt":"2026-03-12T07:00:00","guid":{"rendered":"https:\/\/www.blog.neoprog.eu\/?p=12357"},"modified":"2026-03-11T08:05:41","modified_gmt":"2026-03-11T07:05:41","slug":"nuits-blanches-a-illkirch-graffenstaden","status":"publish","type":"post","link":"https:\/\/www.blog.neoprog.eu\/index.php\/2026\/03\/12\/nuits-blanches-a-illkirch-graffenstaden\/","title":{"rendered":"Nuits blanches \u00e0 Illkirch-Graffenstaden"},"content":{"rendered":"\n<figure class=\"wp-block-image size-full\"><img loading=\"lazy\" decoding=\"async\" width=\"800\" height=\"533\" src=\"https:\/\/www.blog.neoprog.eu\/wp-content\/uploads\/2020\/03\/photo-d-illustration-cocoparisienne-pixabay-domaine-public-1557929837.jpg\" alt=\"\" class=\"wp-image-5954\" srcset=\"https:\/\/www.blog.neoprog.eu\/wp-content\/uploads\/2020\/03\/photo-d-illustration-cocoparisienne-pixabay-domaine-public-1557929837.jpg 800w, https:\/\/www.blog.neoprog.eu\/wp-content\/uploads\/2020\/03\/photo-d-illustration-cocoparisienne-pixabay-domaine-public-1557929837-300x200.jpg 300w, https:\/\/www.blog.neoprog.eu\/wp-content\/uploads\/2020\/03\/photo-d-illustration-cocoparisienne-pixabay-domaine-public-1557929837-768x512.jpg 768w, https:\/\/www.blog.neoprog.eu\/wp-content\/uploads\/2020\/03\/photo-d-illustration-cocoparisienne-pixabay-domaine-public-1557929837-450x300.jpg 450w\" sizes=\"auto, (max-width: 800px) 100vw, 800px\" \/><\/figure>\n\n\n\n<p>On dit souvent qu\u2019un sommeil r\u00e9gulier est essentiel \u00e0 une bonne sant\u00e9. Se coucher \u00e0 une heure raisonnable, avoir ses sept heures de repos, ne pas changer de rythme, etc etc.<\/p>\n\n\n\n<p>Je n\u2019ai manifestement pas compris le message, surtout la semaine derni\u00e8re, d\u2019ailleurs je me demande encore comment j\u2019ai tenu le coup.<\/p>\n\n\n\n<p>Dans mon agenda pr\u00e9visionnel j\u2019avais deux soir\u00e9es de prises : un concert mardi soir et une conf\u00e9rence sur l\u2019astronomie plan\u00e9taire le vendredi. Rien d\u2019insurmontable.<\/p>\n\n\n\n<p>Mais lundi, le pr\u00e9sident de notre association a ajout\u00e9 un conseil d\u2019administration surprise le jeudi soir et moi, lorsque j\u2019ai vu le ciel, j\u2019ai propos\u00e9 \u00e0 quelques copains de partir dans les Vosges, pour photographier les \u00e9toiles le soir m\u00eame.<\/p>\n\n\n\n<p>Lundi \u00e0 16h, apr\u00e8s le travail, j\u2019ai fil\u00e9 faire les courses et une fois arriv\u00e9 \u00e0 la maison, j\u2019ai d\u00e9charg\u00e9 les sacs pour mettre \u00e0 la place lunette et t\u00e9lescope dans le coffre. Ensuite je suis parti vers Grendelbruch et \u00e0 18h j\u2019installais mon setup dans la nature.<\/p>\n\n\n\n<p>A 1h30 j\u2019\u00e9tais dans mon lit. A 6h30, je repartais travailler.<\/p>\n\n\n\n<p>Mardi \u00e0 18h, apr\u00e8s une journ\u00e9e de travail charg\u00e9e, je prenais la route de Colmar pour 4h de concert de metal et cinq cent photos. Je me glissais sous la couette pass\u00e9 minuit, encore agit\u00e9 par l\u2019\u00e9nergie d\u00e9ploy\u00e9e par <a href=\"https:\/\/www.blog.neoprog.eu\/index.php\/2026\/03\/07\/arch-voices\/\" type=\"post\" id=\"12342\">Omnium Gatherum<\/a>.<\/p>\n\n\n\n<p>Mercredi \u00e9tait une journ\u00e9e de t\u00e9l\u00e9travail bienvenue, en robe de chambre devant mon ordinateur, je r\u00e9cup\u00e9rai au calme des deux soir\u00e9es intenses. En soir\u00e9e je m\u2019attelais au d\u00e9veloppement des photos de concert et commen\u00e7ais \u00e0 traiter la n\u00e9buleuse de la m\u00e9duse photographi\u00e9e lundi soir. A 21h30 je dormais \u00e0 poings ferm\u00e9s.<\/p>\n\n\n\n<p>Jeudi, apr\u00e8s une grosse r\u00e9union de travail et quelques sujets \u00e9pineux, je me rendais \u00e0 l\u2019observatoire de Strasbourg pour mon premier conseil d\u2019administration de la SAFGA, l\u2019association d\u2019astronomie dans laquelle j\u2019ai pris un peu plus de responsabilit\u00e9s r\u00e9cemment. A 0h30 j\u2019\u00e9tais enfin au lit.<\/p>\n\n\n\n<p>Vendredi, apr\u00e8s trois caf\u00e9s et une ultime journ\u00e9e de travail qui m\u2019a sembl\u00e9 tr\u00e8s longue, je suis reparti \u00e0 l\u2019observatoire \u00e0 v\u00e9lo, pour une conf\u00e9rence passionnante sur la photographie plan\u00e9taire. Evidemment, je ne me suis pas couch\u00e9 avant 0h30.<\/p>\n\n\n\n<p>Samedi c\u2019\u00e9tait enfin jour de repos, une vid\u00e9o \u00e0 enregistrer, deux articles de blog \u00e0 \u00e9crire, trois photos \u00e0 s\u00e9lectionner et un ciel qui se d\u00e9gageait le soir. Allais-je repartir en montagne installer mon mat\u00e9riel et tenter une nouvelle fois la n\u00e9buleuse de la m\u00e9duse ? Vous auriez fait quoi \u00e0 ma place ? Vous seriez mont\u00e9 n\u2019est-ce pas ? M\u00eame malgr\u00e9 la poussi\u00e8re venue du Sahara ?<\/p>\n\n\n\n<p>Alors je suis mont\u00e9 avec plein de copains et nous sommes rentr\u00e9s \u00e0 2h du matin. A 7h j\u2019\u00e9tais r\u00e9veill\u00e9, \u00e0 9h je me pr\u00e9parais \u00e0 traiter ma nouvelle image de la n\u00e9buleuse de la m\u00e9duse.&nbsp;<\/p>\n\n\n\n<p>Pour couronner le tout, ce week-end l\u00e0, se d\u00e9roulait, comme tous les ans, \u00e0 Rosheim, un magnifique <a href=\"https:\/\/www.blog.neoprog.eu\/index.php\/2023\/03\/10\/la-saison-des-beignets\/\" type=\"post\" id=\"8917\">carnaval v\u00e9nitien<\/a>. Allais-je partir l\u00e0 bas faire quelques photos ?\u00a0<\/p>\n\n\n\n<p>Et bien non, je me suis content\u00e9 d\u2019une promenade bucolique \u00e0 la campagne. Il faut dire que je tenais \u00e0 peine debout.<\/p>\n","protected":false},"excerpt":{"rendered":"<p>On dit souvent qu\u2019un sommeil r\u00e9gulier est essentiel \u00e0 une bonne sant\u00e9. Se coucher \u00e0 une heure raisonnable, avoir ses sept heures de repos, ne pas changer de rythme, etc etc. <a href=\"https:\/\/www.blog.neoprog.eu\/index.php\/2026\/03\/12\/nuits-blanches-a-illkirch-graffenstaden\/\">Continuer la lecture <span class=\"meta-nav\">&rarr;<\/span><\/a><\/p>\n","protected":false},"author":1,"featured_media":5954,"comment_status":"open","ping_status":"open","sticky":false,"template":"","format":"image","meta":{"footnotes":""},"categories":[59],"tags":[185,120,3772,875,1532,3771,286],"class_list":["post-12357","post","type-post","status-publish","format-image","has-post-thumbnail","hentry","category-humeur","tag-astronomie","tag-concert","tag-conference","tag-photographie","tag-reunion","tag-semaine","tag-sommeil","post_format-post-format-image"],"yoast_head":"<!-- This site is optimized with the Yoast SEO plugin v27.4 - https:\/\/yoast.com\/product\/yoast-seo-wordpress\/ -->\n<title>Nuits blanches \u00e0 Illkirch-Graffenstaden - Le Blog du N\u00e9oprog<\/title>\n<meta name=\"robots\" content=\"index, follow, max-snippet:-1, max-image-preview:large, max-video-preview:-1\" \/>\n<link rel=\"canonical\" href=\"https:\/\/www.blog.neoprog.eu\/index.php\/2026\/03\/12\/nuits-blanches-a-illkirch-graffenstaden\/\" \/>\n<meta property=\"og:locale\" content=\"fr_FR\" \/>\n<meta property=\"og:type\" content=\"article\" \/>\n<meta property=\"og:title\" content=\"Nuits blanches \u00e0 Illkirch-Graffenstaden - Le Blog du N\u00e9oprog\" \/>\n<meta property=\"og:description\" content=\"On dit souvent qu\u2019un sommeil r\u00e9gulier est essentiel \u00e0 une bonne sant\u00e9. Se coucher \u00e0 une heure raisonnable, avoir ses sept heures de repos, ne pas changer de rythme, etc etc. Continuer la lecture &rarr;\" \/>\n<meta property=\"og:url\" content=\"https:\/\/www.blog.neoprog.eu\/index.php\/2026\/03\/12\/nuits-blanches-a-illkirch-graffenstaden\/\" \/>\n<meta property=\"og:site_name\" content=\"Le Blog du N\u00e9oprog\" \/>\n<meta property=\"article:published_time\" content=\"2026-03-12T07:00:00+00:00\" \/>\n<meta property=\"og:image\" content=\"https:\/\/www.blog.neoprog.eu\/wp-content\/uploads\/2020\/03\/photo-d-illustration-cocoparisienne-pixabay-domaine-public-1557929837.jpg\" \/>\n\t<meta property=\"og:image:width\" content=\"800\" \/>\n\t<meta property=\"og:image:height\" content=\"533\" \/>\n\t<meta property=\"og:image:type\" content=\"image\/jpeg\" \/>\n<meta name=\"author\" content=\"Neoprog\" \/>\n<meta name=\"twitter:card\" content=\"summary_large_image\" \/>\n<meta name=\"twitter:creator\" content=\"@Le_Brun_JC\" \/>\n<meta name=\"twitter:site\" content=\"@Le_Brun_JC\" \/>\n<meta name=\"twitter:label1\" content=\"\u00c9crit par\" \/>\n\t<meta name=\"twitter:data1\" content=\"Neoprog\" \/>\n\t<meta name=\"twitter:label2\" content=\"Dur\u00e9e de lecture estim\u00e9e\" \/>\n\t<meta name=\"twitter:data2\" content=\"3 minutes\" \/>\n<script type=\"application\/ld+json\" class=\"yoast-schema-graph\">{\"@context\":\"https:\\\/\\\/schema.org\",\"@graph\":[{\"@type\":\"Article\",\"@id\":\"https:\\\/\\\/www.blog.neoprog.eu\\\/index.php\\\/2026\\\/03\\\/12\\\/nuits-blanches-a-illkirch-graffenstaden\\\/#article\",\"isPartOf\":{\"@id\":\"https:\\\/\\\/www.blog.neoprog.eu\\\/index.php\\\/2026\\\/03\\\/12\\\/nuits-blanches-a-illkirch-graffenstaden\\\/\"},\"author\":{\"name\":\"Neoprog\",\"@id\":\"https:\\\/\\\/www.blog.neoprog.eu\\\/#\\\/schema\\\/person\\\/47c594bf12736b172b772f0f02bcf511\"},\"headline\":\"Nuits blanches \u00e0 Illkirch-Graffenstaden\",\"datePublished\":\"2026-03-12T07:00:00+00:00\",\"mainEntityOfPage\":{\"@id\":\"https:\\\/\\\/www.blog.neoprog.eu\\\/index.php\\\/2026\\\/03\\\/12\\\/nuits-blanches-a-illkirch-graffenstaden\\\/\"},\"wordCount\":561,\"commentCount\":0,\"publisher\":{\"@id\":\"https:\\\/\\\/www.blog.neoprog.eu\\\/#\\\/schema\\\/person\\\/47c594bf12736b172b772f0f02bcf511\"},\"image\":{\"@id\":\"https:\\\/\\\/www.blog.neoprog.eu\\\/index.php\\\/2026\\\/03\\\/12\\\/nuits-blanches-a-illkirch-graffenstaden\\\/#primaryimage\"},\"thumbnailUrl\":\"https:\\\/\\\/www.blog.neoprog.eu\\\/wp-content\\\/uploads\\\/2020\\\/03\\\/photo-d-illustration-cocoparisienne-pixabay-domaine-public-1557929837.jpg\",\"keywords\":[\"astronomie\",\"concert\",\"conf\u00e9rence\",\"photographie\",\"r\u00e9union\",\"semaine\",\"sommeil\"],\"articleSection\":[\"Humeurs\"],\"inLanguage\":\"fr-FR\",\"potentialAction\":[{\"@type\":\"CommentAction\",\"name\":\"Comment\",\"target\":[\"https:\\\/\\\/www.blog.neoprog.eu\\\/index.php\\\/2026\\\/03\\\/12\\\/nuits-blanches-a-illkirch-graffenstaden\\\/#respond\"]}]},{\"@type\":\"WebPage\",\"@id\":\"https:\\\/\\\/www.blog.neoprog.eu\\\/index.php\\\/2026\\\/03\\\/12\\\/nuits-blanches-a-illkirch-graffenstaden\\\/\",\"url\":\"https:\\\/\\\/www.blog.neoprog.eu\\\/index.php\\\/2026\\\/03\\\/12\\\/nuits-blanches-a-illkirch-graffenstaden\\\/\",\"name\":\"Nuits blanches \u00e0 Illkirch-Graffenstaden - Le Blog du N\u00e9oprog\",\"isPartOf\":{\"@id\":\"https:\\\/\\\/www.blog.neoprog.eu\\\/#website\"},\"primaryImageOfPage\":{\"@id\":\"https:\\\/\\\/www.blog.neoprog.eu\\\/index.php\\\/2026\\\/03\\\/12\\\/nuits-blanches-a-illkirch-graffenstaden\\\/#primaryimage\"},\"image\":{\"@id\":\"https:\\\/\\\/www.blog.neoprog.eu\\\/index.php\\\/2026\\\/03\\\/12\\\/nuits-blanches-a-illkirch-graffenstaden\\\/#primaryimage\"},\"thumbnailUrl\":\"https:\\\/\\\/www.blog.neoprog.eu\\\/wp-content\\\/uploads\\\/2020\\\/03\\\/photo-d-illustration-cocoparisienne-pixabay-domaine-public-1557929837.jpg\",\"datePublished\":\"2026-03-12T07:00:00+00:00\",\"breadcrumb\":{\"@id\":\"https:\\\/\\\/www.blog.neoprog.eu\\\/index.php\\\/2026\\\/03\\\/12\\\/nuits-blanches-a-illkirch-graffenstaden\\\/#breadcrumb\"},\"inLanguage\":\"fr-FR\",\"potentialAction\":[{\"@type\":\"ReadAction\",\"target\":[\"https:\\\/\\\/www.blog.neoprog.eu\\\/index.php\\\/2026\\\/03\\\/12\\\/nuits-blanches-a-illkirch-graffenstaden\\\/\"]}]},{\"@type\":\"ImageObject\",\"inLanguage\":\"fr-FR\",\"@id\":\"https:\\\/\\\/www.blog.neoprog.eu\\\/index.php\\\/2026\\\/03\\\/12\\\/nuits-blanches-a-illkirch-graffenstaden\\\/#primaryimage\",\"url\":\"https:\\\/\\\/www.blog.neoprog.eu\\\/wp-content\\\/uploads\\\/2020\\\/03\\\/photo-d-illustration-cocoparisienne-pixabay-domaine-public-1557929837.jpg\",\"contentUrl\":\"https:\\\/\\\/www.blog.neoprog.eu\\\/wp-content\\\/uploads\\\/2020\\\/03\\\/photo-d-illustration-cocoparisienne-pixabay-domaine-public-1557929837.jpg\",\"width\":800,\"height\":533},{\"@type\":\"BreadcrumbList\",\"@id\":\"https:\\\/\\\/www.blog.neoprog.eu\\\/index.php\\\/2026\\\/03\\\/12\\\/nuits-blanches-a-illkirch-graffenstaden\\\/#breadcrumb\",\"itemListElement\":[{\"@type\":\"ListItem\",\"position\":1,\"name\":\"Home\",\"item\":\"https:\\\/\\\/www.blog.neoprog.eu\\\/\"},{\"@type\":\"ListItem\",\"position\":2,\"name\":\"Nuits blanches \u00e0 Illkirch-Graffenstaden\"}]},{\"@type\":\"WebSite\",\"@id\":\"https:\\\/\\\/www.blog.neoprog.eu\\\/#website\",\"url\":\"https:\\\/\\\/www.blog.neoprog.eu\\\/\",\"name\":\"Le Blog du N\u00e9oprog\",\"description\":\"\",\"publisher\":{\"@id\":\"https:\\\/\\\/www.blog.neoprog.eu\\\/#\\\/schema\\\/person\\\/47c594bf12736b172b772f0f02bcf511\"},\"potentialAction\":[{\"@type\":\"SearchAction\",\"target\":{\"@type\":\"EntryPoint\",\"urlTemplate\":\"https:\\\/\\\/www.blog.neoprog.eu\\\/?s={search_term_string}\"},\"query-input\":{\"@type\":\"PropertyValueSpecification\",\"valueRequired\":true,\"valueName\":\"search_term_string\"}}],\"inLanguage\":\"fr-FR\"},{\"@type\":[\"Person\",\"Organization\"],\"@id\":\"https:\\\/\\\/www.blog.neoprog.eu\\\/#\\\/schema\\\/person\\\/47c594bf12736b172b772f0f02bcf511\",\"name\":\"Neoprog\",\"image\":{\"@type\":\"ImageObject\",\"inLanguage\":\"fr-FR\",\"@id\":\"https:\\\/\\\/www.blog.neoprog.eu\\\/wp-content\\\/uploads\\\/2022\\\/09\\\/autoportrait-2.jpg\",\"url\":\"https:\\\/\\\/www.blog.neoprog.eu\\\/wp-content\\\/uploads\\\/2022\\\/09\\\/autoportrait-2.jpg\",\"contentUrl\":\"https:\\\/\\\/www.blog.neoprog.eu\\\/wp-content\\\/uploads\\\/2022\\\/09\\\/autoportrait-2.jpg\",\"width\":1024,\"height\":681,\"caption\":\"Neoprog\"},\"logo\":{\"@id\":\"https:\\\/\\\/www.blog.neoprog.eu\\\/wp-content\\\/uploads\\\/2022\\\/09\\\/autoportrait-2.jpg\"}}]}<\/script>\n<!-- \/ Yoast SEO plugin. -->","yoast_head_json":{"title":"Nuits blanches \u00e0 Illkirch-Graffenstaden - Le Blog du N\u00e9oprog","robots":{"index":"index","follow":"follow","max-snippet":"max-snippet:-1","max-image-preview":"max-image-preview:large","max-video-preview":"max-video-preview:-1"},"canonical":"https:\/\/www.blog.neoprog.eu\/index.php\/2026\/03\/12\/nuits-blanches-a-illkirch-graffenstaden\/","og_locale":"fr_FR","og_type":"article","og_title":"Nuits blanches \u00e0 Illkirch-Graffenstaden - Le Blog du N\u00e9oprog","og_description":"On dit souvent qu\u2019un sommeil r\u00e9gulier est essentiel \u00e0 une bonne sant\u00e9. Se coucher \u00e0 une heure raisonnable, avoir ses sept heures de repos, ne pas changer de rythme, etc etc. Continuer la lecture &rarr;","og_url":"https:\/\/www.blog.neoprog.eu\/index.php\/2026\/03\/12\/nuits-blanches-a-illkirch-graffenstaden\/","og_site_name":"Le Blog du N\u00e9oprog","article_published_time":"2026-03-12T07:00:00+00:00","og_image":[{"width":800,"height":533,"url":"https:\/\/www.blog.neoprog.eu\/wp-content\/uploads\/2020\/03\/photo-d-illustration-cocoparisienne-pixabay-domaine-public-1557929837.jpg","type":"image\/jpeg"}],"author":"Neoprog","twitter_card":"summary_large_image","twitter_creator":"@Le_Brun_JC","twitter_site":"@Le_Brun_JC","twitter_misc":{"\u00c9crit par":"Neoprog","Dur\u00e9e de lecture estim\u00e9e":"3 minutes"},"schema":{"@context":"https:\/\/schema.org","@graph":[{"@type":"Article","@id":"https:\/\/www.blog.neoprog.eu\/index.php\/2026\/03\/12\/nuits-blanches-a-illkirch-graffenstaden\/#article","isPartOf":{"@id":"https:\/\/www.blog.neoprog.eu\/index.php\/2026\/03\/12\/nuits-blanches-a-illkirch-graffenstaden\/"},"author":{"name":"Neoprog","@id":"https:\/\/www.blog.neoprog.eu\/#\/schema\/person\/47c594bf12736b172b772f0f02bcf511"},"headline":"Nuits blanches \u00e0 Illkirch-Graffenstaden","datePublished":"2026-03-12T07:00:00+00:00","mainEntityOfPage":{"@id":"https:\/\/www.blog.neoprog.eu\/index.php\/2026\/03\/12\/nuits-blanches-a-illkirch-graffenstaden\/"},"wordCount":561,"commentCount":0,"publisher":{"@id":"https:\/\/www.blog.neoprog.eu\/#\/schema\/person\/47c594bf12736b172b772f0f02bcf511"},"image":{"@id":"https:\/\/www.blog.neoprog.eu\/index.php\/2026\/03\/12\/nuits-blanches-a-illkirch-graffenstaden\/#primaryimage"},"thumbnailUrl":"https:\/\/www.blog.neoprog.eu\/wp-content\/uploads\/2020\/03\/photo-d-illustration-cocoparisienne-pixabay-domaine-public-1557929837.jpg","keywords":["astronomie","concert","conf\u00e9rence","photographie","r\u00e9union","semaine","sommeil"],"articleSection":["Humeurs"],"inLanguage":"fr-FR","potentialAction":[{"@type":"CommentAction","name":"Comment","target":["https:\/\/www.blog.neoprog.eu\/index.php\/2026\/03\/12\/nuits-blanches-a-illkirch-graffenstaden\/#respond"]}]},{"@type":"WebPage","@id":"https:\/\/www.blog.neoprog.eu\/index.php\/2026\/03\/12\/nuits-blanches-a-illkirch-graffenstaden\/","url":"https:\/\/www.blog.neoprog.eu\/index.php\/2026\/03\/12\/nuits-blanches-a-illkirch-graffenstaden\/","name":"Nuits blanches \u00e0 Illkirch-Graffenstaden - Le Blog du N\u00e9oprog","isPartOf":{"@id":"https:\/\/www.blog.neoprog.eu\/#website"},"primaryImageOfPage":{"@id":"https:\/\/www.blog.neoprog.eu\/index.php\/2026\/03\/12\/nuits-blanches-a-illkirch-graffenstaden\/#primaryimage"},"image":{"@id":"https:\/\/www.blog.neoprog.eu\/index.php\/2026\/03\/12\/nuits-blanches-a-illkirch-graffenstaden\/#primaryimage"},"thumbnailUrl":"https:\/\/www.blog.neoprog.eu\/wp-content\/uploads\/2020\/03\/photo-d-illustration-cocoparisienne-pixabay-domaine-public-1557929837.jpg","datePublished":"2026-03-12T07:00:00+00:00","breadcrumb":{"@id":"https:\/\/www.blog.neoprog.eu\/index.php\/2026\/03\/12\/nuits-blanches-a-illkirch-graffenstaden\/#breadcrumb"},"inLanguage":"fr-FR","potentialAction":[{"@type":"ReadAction","target":["https:\/\/www.blog.neoprog.eu\/index.php\/2026\/03\/12\/nuits-blanches-a-illkirch-graffenstaden\/"]}]},{"@type":"ImageObject","inLanguage":"fr-FR","@id":"https:\/\/www.blog.neoprog.eu\/index.php\/2026\/03\/12\/nuits-blanches-a-illkirch-graffenstaden\/#primaryimage","url":"https:\/\/www.blog.neoprog.eu\/wp-content\/uploads\/2020\/03\/photo-d-illustration-cocoparisienne-pixabay-domaine-public-1557929837.jpg","contentUrl":"https:\/\/www.blog.neoprog.eu\/wp-content\/uploads\/2020\/03\/photo-d-illustration-cocoparisienne-pixabay-domaine-public-1557929837.jpg","width":800,"height":533},{"@type":"BreadcrumbList","@id":"https:\/\/www.blog.neoprog.eu\/index.php\/2026\/03\/12\/nuits-blanches-a-illkirch-graffenstaden\/#breadcrumb","itemListElement":[{"@type":"ListItem","position":1,"name":"Home","item":"https:\/\/www.blog.neoprog.eu\/"},{"@type":"ListItem","position":2,"name":"Nuits blanches \u00e0 Illkirch-Graffenstaden"}]},{"@type":"WebSite","@id":"https:\/\/www.blog.neoprog.eu\/#website","url":"https:\/\/www.blog.neoprog.eu\/","name":"Le Blog du N\u00e9oprog","description":"","publisher":{"@id":"https:\/\/www.blog.neoprog.eu\/#\/schema\/person\/47c594bf12736b172b772f0f02bcf511"},"potentialAction":[{"@type":"SearchAction","target":{"@type":"EntryPoint","urlTemplate":"https:\/\/www.blog.neoprog.eu\/?s={search_term_string}"},"query-input":{"@type":"PropertyValueSpecification","valueRequired":true,"valueName":"search_term_string"}}],"inLanguage":"fr-FR"},{"@type":["Person","Organization"],"@id":"https:\/\/www.blog.neoprog.eu\/#\/schema\/person\/47c594bf12736b172b772f0f02bcf511","name":"Neoprog","image":{"@type":"ImageObject","inLanguage":"fr-FR","@id":"https:\/\/www.blog.neoprog.eu\/wp-content\/uploads\/2022\/09\/autoportrait-2.jpg","url":"https:\/\/www.blog.neoprog.eu\/wp-content\/uploads\/2022\/09\/autoportrait-2.jpg","contentUrl":"https:\/\/www.blog.neoprog.eu\/wp-content\/uploads\/2022\/09\/autoportrait-2.jpg","width":1024,"height":681,"caption":"Neoprog"},"logo":{"@id":"https:\/\/www.blog.neoprog.eu\/wp-content\/uploads\/2022\/09\/autoportrait-2.jpg"}}]}},"_links":{"self":[{"href":"https:\/\/www.blog.neoprog.eu\/index.php\/wp-json\/wp\/v2\/posts\/12357","targetHints":{"allow":["GET"]}}],"collection":[{"href":"https:\/\/www.blog.neoprog.eu\/index.php\/wp-json\/wp\/v2\/posts"}],"about":[{"href":"https:\/\/www.blog.neoprog.eu\/index.php\/wp-json\/wp\/v2\/types\/post"}],"author":[{"embeddable":true,"href":"https:\/\/www.blog.neoprog.eu\/index.php\/wp-json\/wp\/v2\/users\/1"}],"replies":[{"embeddable":true,"href":"https:\/\/www.blog.neoprog.eu\/index.php\/wp-json\/wp\/v2\/comments?post=12357"}],"version-history":[{"count":1,"href":"https:\/\/www.blog.neoprog.eu\/index.php\/wp-json\/wp\/v2\/posts\/12357\/revisions"}],"predecessor-version":[{"id":12358,"href":"https:\/\/www.blog.neoprog.eu\/index.php\/wp-json\/wp\/v2\/posts\/12357\/revisions\/12358"}],"wp:featuredmedia":[{"embeddable":true,"href":"https:\/\/www.blog.neoprog.eu\/index.php\/wp-json\/wp\/v2\/media\/5954"}],"wp:attachment":[{"href":"https:\/\/www.blog.neoprog.eu\/index.php\/wp-json\/wp\/v2\/media?parent=12357"}],"wp:term":[{"taxonomy":"category","embeddable":true,"href":"https:\/\/www.blog.neoprog.eu\/index.php\/wp-json\/wp\/v2\/categories?post=12357"},{"taxonomy":"post_tag","embeddable":true,"href":"https:\/\/www.blog.neoprog.eu\/index.php\/wp-json\/wp\/v2\/tags?post=12357"}],"curies":[{"name":"wp","href":"https:\/\/api.w.org\/{rel}","templated":true}]}}