{"id":5625,"date":"2019-11-30T10:40:35","date_gmt":"2019-11-30T09:40:35","guid":{"rendered":"http:\/\/www.blog.neoprog.eu\/?p=5625"},"modified":"2019-11-30T10:40:35","modified_gmt":"2019-11-30T09:40:35","slug":"lescadre-frele","status":"publish","type":"post","link":"https:\/\/www.blog.neoprog.eu\/index.php\/2019\/11\/30\/lescadre-frele\/","title":{"rendered":"L\u2019Escadre Fr\u00eale"},"content":{"rendered":"\n<figure class=\"wp-block-image size-large\"><img loading=\"lazy\" decoding=\"async\" width=\"700\" height=\"495\" src=\"https:\/\/www.blog.neoprog.eu\/wp-content\/uploads\/2019\/11\/horde_du_contrevent.jpg\" alt=\"\" class=\"wp-image-5626\" srcset=\"https:\/\/www.blog.neoprog.eu\/wp-content\/uploads\/2019\/11\/horde_du_contrevent.jpg 700w, https:\/\/www.blog.neoprog.eu\/wp-content\/uploads\/2019\/11\/horde_du_contrevent-300x212.jpg 300w, https:\/\/www.blog.neoprog.eu\/wp-content\/uploads\/2019\/11\/horde_du_contrevent-424x300.jpg 424w\" sizes=\"auto, (max-width: 700px) 100vw, 700px\" \/><\/figure>\n\n\n\n<p>C\u2019est avec le premier tome de la bande dessin\u00e9e <a href=\"https:\/\/www.blog.neoprog.eu\/index.php\/2018\/07\/19\/la-horde\/\">La Horde du Contrevent<\/a> que je suis rentr\u00e9 dans l\u2019univers de Alain Damasio. Une magnifique BD qui m\u2019a donn\u00e9 envie de lire le pav\u00e9 de l\u2019auteur corse.&nbsp;<\/p>\n\n\n\n<p>Une lecture assur\u00e9ment difficile mais envo\u00fbtante. Alors quand le tome deux de Eric Henninot est paru, j\u2019ai voulu v\u00e9rifier si les bulles et les images auraient toujours le m\u00eame pouvoir \u00e9vocateur que les mots. <\/p>\n\n\n\n<p>L\u2019Escadre Fr\u00eale d\u00e9bute apr\u00e8s la mort de Pietro et peu avant la rencontre avec les Fr\u00e9oles. Un r\u00e9cit qui nous conduit jusque la Flaque de Lapsane, cette une immense \u00e9tendue d&rsquo;eau et marais, que la horde s&rsquo;appr\u00eate \u00e0 traverser malgr\u00e9 l&rsquo;\u00e9chec des toutes les pr\u00e9c\u00e9dentes.<\/p>\n\n\n\n<p>L\u2019heure est aux doutes pour la horde : trahison, \u00e9puisement, choix de route, ce tome est moins dans l\u2019action et le vent que le premier ce qui nous laisse le temps pour apprendre \u00e0 mieux conna\u00eetre le monde, le pass\u00e9 trouble de Golgoth et des membres de la horde.<\/p>\n\n\n\n<p>Si le r\u00e9cit en cases prend quelques raccourcis avec les phrases d&rsquo;Alain Damasio, c\u2019est pour mieux mettre en images ce chapitre plus lent du roman. Je n\u2019aurais pas mieux imagin\u00e9 le vaisseau fr\u00e9ole, \u00e0 la fois fleur et machine et la double page repr\u00e9sentant le centre de la Flaque Lapsane est tout simplement sublime. Parfois cependant, certains visages trop vites esquiss\u00e9s auraient pu \u00eatre plus soign\u00e9s, comme dans le premier tome.<\/p>\n\n\n\n<p>Ce tome est riche en dialogues et voyage peu, l\u2019oppos\u00e9 du premier et j\u2019avoue avoir h\u00e2te de retrouver Golgoth, Erg et les autres pataugeant dans l\u2019eau face au vent en train d\u2019affronter les chrones. Une tr\u00e8s belle bande dessin\u00e9e qui rend accessible un roman qui pourrait rebuter les personnes qui lisent peu.<\/p>\n","protected":false},"excerpt":{"rendered":"<p>L\u2019Escadre Fr\u00eale d\u00e9bute apr\u00e8s la mort de Pietro et peu avant la rencontre avec les Fr\u00e9oles. Un r\u00e9cit qui nous conduit jusque la Flaque de Lapsane, cette une immense \u00e9tendue d&rsquo;eau et marais, que la horde s&rsquo;appr\u00eate \u00e0 traverser malgr\u00e9 l&rsquo;\u00e9chec des toutes les pr\u00e9c\u00e9dentes. <a href=\"https:\/\/www.blog.neoprog.eu\/index.php\/2019\/11\/30\/lescadre-frele\/\">Continuer la lecture <span class=\"meta-nav\">&rarr;<\/span><\/a><\/p>\n","protected":false},"author":1,"featured_media":5626,"comment_status":"open","ping_status":"open","sticky":false,"template":"","format":"image","meta":{"footnotes":""},"categories":[95,5],"tags":[1017,97,1461,790,1462],"class_list":["post-5625","post","type-post","status-publish","format-image","has-post-thumbnail","hentry","category-bande-dessinee","category-livre","tag-alain-damasio","tag-bd","tag-delcourt","tag-la-horde-du-contrevent","tag-tome-2","post_format-post-format-image"],"yoast_head":"<!-- This site is optimized with the Yoast SEO plugin v27.5 - https:\/\/yoast.com\/product\/yoast-seo-wordpress\/ -->\n<title>L\u2019Escadre Fr\u00eale - Le Blog du N\u00e9oprog<\/title>\n<meta name=\"robots\" content=\"index, follow, max-snippet:-1, max-image-preview:large, max-video-preview:-1\" \/>\n<link rel=\"canonical\" href=\"https:\/\/www.blog.neoprog.eu\/index.php\/2019\/11\/30\/lescadre-frele\/\" \/>\n<meta property=\"og:locale\" content=\"fr_FR\" \/>\n<meta property=\"og:type\" content=\"article\" \/>\n<meta property=\"og:title\" content=\"L\u2019Escadre Fr\u00eale - Le Blog du N\u00e9oprog\" \/>\n<meta property=\"og:description\" content=\"L\u2019Escadre Fr\u00eale d\u00e9bute apr\u00e8s la mort de Pietro et peu avant la rencontre avec les Fr\u00e9oles. Un r\u00e9cit qui nous conduit jusque la Flaque de Lapsane, cette une immense \u00e9tendue d&#039;eau et marais, que la horde s&#039;appr\u00eate \u00e0 traverser malgr\u00e9 l&#039;\u00e9chec des toutes les pr\u00e9c\u00e9dentes. Continuer la lecture &rarr;\" \/>\n<meta property=\"og:url\" content=\"https:\/\/www.blog.neoprog.eu\/index.php\/2019\/11\/30\/lescadre-frele\/\" \/>\n<meta property=\"og:site_name\" content=\"Le Blog du N\u00e9oprog\" \/>\n<meta property=\"article:published_time\" content=\"2019-11-30T09:40:35+00:00\" \/>\n<meta property=\"og:image\" content=\"https:\/\/www.blog.neoprog.eu\/wp-content\/uploads\/2019\/11\/horde_du_contrevent.jpg\" \/>\n\t<meta property=\"og:image:width\" content=\"700\" \/>\n\t<meta property=\"og:image:height\" content=\"495\" \/>\n\t<meta property=\"og:image:type\" content=\"image\/jpeg\" \/>\n<meta name=\"author\" content=\"Neoprog\" \/>\n<meta name=\"twitter:card\" content=\"summary_large_image\" \/>\n<meta name=\"twitter:creator\" content=\"@Le_Brun_JC\" \/>\n<meta name=\"twitter:site\" content=\"@Le_Brun_JC\" \/>\n<meta name=\"twitter:label1\" content=\"\u00c9crit par\" \/>\n\t<meta name=\"twitter:data1\" content=\"Neoprog\" \/>\n\t<meta name=\"twitter:label2\" content=\"Dur\u00e9e de lecture estim\u00e9e\" \/>\n\t<meta name=\"twitter:data2\" content=\"2 minutes\" \/>\n<script type=\"application\/ld+json\" class=\"yoast-schema-graph\">{\"@context\":\"https:\\\/\\\/schema.org\",\"@graph\":[{\"@type\":\"Article\",\"@id\":\"https:\\\/\\\/www.blog.neoprog.eu\\\/index.php\\\/2019\\\/11\\\/30\\\/lescadre-frele\\\/#article\",\"isPartOf\":{\"@id\":\"https:\\\/\\\/www.blog.neoprog.eu\\\/index.php\\\/2019\\\/11\\\/30\\\/lescadre-frele\\\/\"},\"author\":{\"name\":\"Neoprog\",\"@id\":\"https:\\\/\\\/www.blog.neoprog.eu\\\/#\\\/schema\\\/person\\\/47c594bf12736b172b772f0f02bcf511\"},\"headline\":\"L\u2019Escadre Fr\u00eale\",\"datePublished\":\"2019-11-30T09:40:35+00:00\",\"mainEntityOfPage\":{\"@id\":\"https:\\\/\\\/www.blog.neoprog.eu\\\/index.php\\\/2019\\\/11\\\/30\\\/lescadre-frele\\\/\"},\"wordCount\":325,\"commentCount\":0,\"publisher\":{\"@id\":\"https:\\\/\\\/www.blog.neoprog.eu\\\/#\\\/schema\\\/person\\\/47c594bf12736b172b772f0f02bcf511\"},\"image\":{\"@id\":\"https:\\\/\\\/www.blog.neoprog.eu\\\/index.php\\\/2019\\\/11\\\/30\\\/lescadre-frele\\\/#primaryimage\"},\"thumbnailUrl\":\"https:\\\/\\\/www.blog.neoprog.eu\\\/wp-content\\\/uploads\\\/2019\\\/11\\\/horde_du_contrevent.jpg\",\"keywords\":[\"Alain Damasio\",\"BD\",\"Delcourt\",\"La Horde du Contrevent\",\"Tome 2\"],\"articleSection\":[\"Bandes dessin\u00e9es\",\"Livres\"],\"inLanguage\":\"fr-FR\",\"potentialAction\":[{\"@type\":\"CommentAction\",\"name\":\"Comment\",\"target\":[\"https:\\\/\\\/www.blog.neoprog.eu\\\/index.php\\\/2019\\\/11\\\/30\\\/lescadre-frele\\\/#respond\"]}]},{\"@type\":\"WebPage\",\"@id\":\"https:\\\/\\\/www.blog.neoprog.eu\\\/index.php\\\/2019\\\/11\\\/30\\\/lescadre-frele\\\/\",\"url\":\"https:\\\/\\\/www.blog.neoprog.eu\\\/index.php\\\/2019\\\/11\\\/30\\\/lescadre-frele\\\/\",\"name\":\"L\u2019Escadre Fr\u00eale - Le Blog du N\u00e9oprog\",\"isPartOf\":{\"@id\":\"https:\\\/\\\/www.blog.neoprog.eu\\\/#website\"},\"primaryImageOfPage\":{\"@id\":\"https:\\\/\\\/www.blog.neoprog.eu\\\/index.php\\\/2019\\\/11\\\/30\\\/lescadre-frele\\\/#primaryimage\"},\"image\":{\"@id\":\"https:\\\/\\\/www.blog.neoprog.eu\\\/index.php\\\/2019\\\/11\\\/30\\\/lescadre-frele\\\/#primaryimage\"},\"thumbnailUrl\":\"https:\\\/\\\/www.blog.neoprog.eu\\\/wp-content\\\/uploads\\\/2019\\\/11\\\/horde_du_contrevent.jpg\",\"datePublished\":\"2019-11-30T09:40:35+00:00\",\"breadcrumb\":{\"@id\":\"https:\\\/\\\/www.blog.neoprog.eu\\\/index.php\\\/2019\\\/11\\\/30\\\/lescadre-frele\\\/#breadcrumb\"},\"inLanguage\":\"fr-FR\",\"potentialAction\":[{\"@type\":\"ReadAction\",\"target\":[\"https:\\\/\\\/www.blog.neoprog.eu\\\/index.php\\\/2019\\\/11\\\/30\\\/lescadre-frele\\\/\"]}]},{\"@type\":\"ImageObject\",\"inLanguage\":\"fr-FR\",\"@id\":\"https:\\\/\\\/www.blog.neoprog.eu\\\/index.php\\\/2019\\\/11\\\/30\\\/lescadre-frele\\\/#primaryimage\",\"url\":\"https:\\\/\\\/www.blog.neoprog.eu\\\/wp-content\\\/uploads\\\/2019\\\/11\\\/horde_du_contrevent.jpg\",\"contentUrl\":\"https:\\\/\\\/www.blog.neoprog.eu\\\/wp-content\\\/uploads\\\/2019\\\/11\\\/horde_du_contrevent.jpg\",\"width\":700,\"height\":495},{\"@type\":\"BreadcrumbList\",\"@id\":\"https:\\\/\\\/www.blog.neoprog.eu\\\/index.php\\\/2019\\\/11\\\/30\\\/lescadre-frele\\\/#breadcrumb\",\"itemListElement\":[{\"@type\":\"ListItem\",\"position\":1,\"name\":\"Home\",\"item\":\"https:\\\/\\\/www.blog.neoprog.eu\\\/\"},{\"@type\":\"ListItem\",\"position\":2,\"name\":\"L\u2019Escadre Fr\u00eale\"}]},{\"@type\":\"WebSite\",\"@id\":\"https:\\\/\\\/www.blog.neoprog.eu\\\/#website\",\"url\":\"https:\\\/\\\/www.blog.neoprog.eu\\\/\",\"name\":\"Le Blog du N\u00e9oprog\",\"description\":\"\",\"publisher\":{\"@id\":\"https:\\\/\\\/www.blog.neoprog.eu\\\/#\\\/schema\\\/person\\\/47c594bf12736b172b772f0f02bcf511\"},\"potentialAction\":[{\"@type\":\"SearchAction\",\"target\":{\"@type\":\"EntryPoint\",\"urlTemplate\":\"https:\\\/\\\/www.blog.neoprog.eu\\\/?s={search_term_string}\"},\"query-input\":{\"@type\":\"PropertyValueSpecification\",\"valueRequired\":true,\"valueName\":\"search_term_string\"}}],\"inLanguage\":\"fr-FR\"},{\"@type\":[\"Person\",\"Organization\"],\"@id\":\"https:\\\/\\\/www.blog.neoprog.eu\\\/#\\\/schema\\\/person\\\/47c594bf12736b172b772f0f02bcf511\",\"name\":\"Neoprog\",\"image\":{\"@type\":\"ImageObject\",\"inLanguage\":\"fr-FR\",\"@id\":\"https:\\\/\\\/www.blog.neoprog.eu\\\/wp-content\\\/uploads\\\/2022\\\/09\\\/autoportrait-2.jpg\",\"url\":\"https:\\\/\\\/www.blog.neoprog.eu\\\/wp-content\\\/uploads\\\/2022\\\/09\\\/autoportrait-2.jpg\",\"contentUrl\":\"https:\\\/\\\/www.blog.neoprog.eu\\\/wp-content\\\/uploads\\\/2022\\\/09\\\/autoportrait-2.jpg\",\"width\":1024,\"height\":681,\"caption\":\"Neoprog\"},\"logo\":{\"@id\":\"https:\\\/\\\/www.blog.neoprog.eu\\\/wp-content\\\/uploads\\\/2022\\\/09\\\/autoportrait-2.jpg\"}}]}<\/script>\n<!-- \/ Yoast SEO plugin. -->","yoast_head_json":{"title":"L\u2019Escadre Fr\u00eale - Le Blog du N\u00e9oprog","robots":{"index":"index","follow":"follow","max-snippet":"max-snippet:-1","max-image-preview":"max-image-preview:large","max-video-preview":"max-video-preview:-1"},"canonical":"https:\/\/www.blog.neoprog.eu\/index.php\/2019\/11\/30\/lescadre-frele\/","og_locale":"fr_FR","og_type":"article","og_title":"L\u2019Escadre Fr\u00eale - Le Blog du N\u00e9oprog","og_description":"L\u2019Escadre Fr\u00eale d\u00e9bute apr\u00e8s la mort de Pietro et peu avant la rencontre avec les Fr\u00e9oles. Un r\u00e9cit qui nous conduit jusque la Flaque de Lapsane, cette une immense \u00e9tendue d'eau et marais, que la horde s'appr\u00eate \u00e0 traverser malgr\u00e9 l'\u00e9chec des toutes les pr\u00e9c\u00e9dentes. Continuer la lecture &rarr;","og_url":"https:\/\/www.blog.neoprog.eu\/index.php\/2019\/11\/30\/lescadre-frele\/","og_site_name":"Le Blog du N\u00e9oprog","article_published_time":"2019-11-30T09:40:35+00:00","og_image":[{"width":700,"height":495,"url":"https:\/\/www.blog.neoprog.eu\/wp-content\/uploads\/2019\/11\/horde_du_contrevent.jpg","type":"image\/jpeg"}],"author":"Neoprog","twitter_card":"summary_large_image","twitter_creator":"@Le_Brun_JC","twitter_site":"@Le_Brun_JC","twitter_misc":{"\u00c9crit par":"Neoprog","Dur\u00e9e de lecture estim\u00e9e":"2 minutes"},"schema":{"@context":"https:\/\/schema.org","@graph":[{"@type":"Article","@id":"https:\/\/www.blog.neoprog.eu\/index.php\/2019\/11\/30\/lescadre-frele\/#article","isPartOf":{"@id":"https:\/\/www.blog.neoprog.eu\/index.php\/2019\/11\/30\/lescadre-frele\/"},"author":{"name":"Neoprog","@id":"https:\/\/www.blog.neoprog.eu\/#\/schema\/person\/47c594bf12736b172b772f0f02bcf511"},"headline":"L\u2019Escadre Fr\u00eale","datePublished":"2019-11-30T09:40:35+00:00","mainEntityOfPage":{"@id":"https:\/\/www.blog.neoprog.eu\/index.php\/2019\/11\/30\/lescadre-frele\/"},"wordCount":325,"commentCount":0,"publisher":{"@id":"https:\/\/www.blog.neoprog.eu\/#\/schema\/person\/47c594bf12736b172b772f0f02bcf511"},"image":{"@id":"https:\/\/www.blog.neoprog.eu\/index.php\/2019\/11\/30\/lescadre-frele\/#primaryimage"},"thumbnailUrl":"https:\/\/www.blog.neoprog.eu\/wp-content\/uploads\/2019\/11\/horde_du_contrevent.jpg","keywords":["Alain Damasio","BD","Delcourt","La Horde du Contrevent","Tome 2"],"articleSection":["Bandes dessin\u00e9es","Livres"],"inLanguage":"fr-FR","potentialAction":[{"@type":"CommentAction","name":"Comment","target":["https:\/\/www.blog.neoprog.eu\/index.php\/2019\/11\/30\/lescadre-frele\/#respond"]}]},{"@type":"WebPage","@id":"https:\/\/www.blog.neoprog.eu\/index.php\/2019\/11\/30\/lescadre-frele\/","url":"https:\/\/www.blog.neoprog.eu\/index.php\/2019\/11\/30\/lescadre-frele\/","name":"L\u2019Escadre Fr\u00eale - Le Blog du N\u00e9oprog","isPartOf":{"@id":"https:\/\/www.blog.neoprog.eu\/#website"},"primaryImageOfPage":{"@id":"https:\/\/www.blog.neoprog.eu\/index.php\/2019\/11\/30\/lescadre-frele\/#primaryimage"},"image":{"@id":"https:\/\/www.blog.neoprog.eu\/index.php\/2019\/11\/30\/lescadre-frele\/#primaryimage"},"thumbnailUrl":"https:\/\/www.blog.neoprog.eu\/wp-content\/uploads\/2019\/11\/horde_du_contrevent.jpg","datePublished":"2019-11-30T09:40:35+00:00","breadcrumb":{"@id":"https:\/\/www.blog.neoprog.eu\/index.php\/2019\/11\/30\/lescadre-frele\/#breadcrumb"},"inLanguage":"fr-FR","potentialAction":[{"@type":"ReadAction","target":["https:\/\/www.blog.neoprog.eu\/index.php\/2019\/11\/30\/lescadre-frele\/"]}]},{"@type":"ImageObject","inLanguage":"fr-FR","@id":"https:\/\/www.blog.neoprog.eu\/index.php\/2019\/11\/30\/lescadre-frele\/#primaryimage","url":"https:\/\/www.blog.neoprog.eu\/wp-content\/uploads\/2019\/11\/horde_du_contrevent.jpg","contentUrl":"https:\/\/www.blog.neoprog.eu\/wp-content\/uploads\/2019\/11\/horde_du_contrevent.jpg","width":700,"height":495},{"@type":"BreadcrumbList","@id":"https:\/\/www.blog.neoprog.eu\/index.php\/2019\/11\/30\/lescadre-frele\/#breadcrumb","itemListElement":[{"@type":"ListItem","position":1,"name":"Home","item":"https:\/\/www.blog.neoprog.eu\/"},{"@type":"ListItem","position":2,"name":"L\u2019Escadre Fr\u00eale"}]},{"@type":"WebSite","@id":"https:\/\/www.blog.neoprog.eu\/#website","url":"https:\/\/www.blog.neoprog.eu\/","name":"Le Blog du N\u00e9oprog","description":"","publisher":{"@id":"https:\/\/www.blog.neoprog.eu\/#\/schema\/person\/47c594bf12736b172b772f0f02bcf511"},"potentialAction":[{"@type":"SearchAction","target":{"@type":"EntryPoint","urlTemplate":"https:\/\/www.blog.neoprog.eu\/?s={search_term_string}"},"query-input":{"@type":"PropertyValueSpecification","valueRequired":true,"valueName":"search_term_string"}}],"inLanguage":"fr-FR"},{"@type":["Person","Organization"],"@id":"https:\/\/www.blog.neoprog.eu\/#\/schema\/person\/47c594bf12736b172b772f0f02bcf511","name":"Neoprog","image":{"@type":"ImageObject","inLanguage":"fr-FR","@id":"https:\/\/www.blog.neoprog.eu\/wp-content\/uploads\/2022\/09\/autoportrait-2.jpg","url":"https:\/\/www.blog.neoprog.eu\/wp-content\/uploads\/2022\/09\/autoportrait-2.jpg","contentUrl":"https:\/\/www.blog.neoprog.eu\/wp-content\/uploads\/2022\/09\/autoportrait-2.jpg","width":1024,"height":681,"caption":"Neoprog"},"logo":{"@id":"https:\/\/www.blog.neoprog.eu\/wp-content\/uploads\/2022\/09\/autoportrait-2.jpg"}}]}},"_links":{"self":[{"href":"https:\/\/www.blog.neoprog.eu\/index.php\/wp-json\/wp\/v2\/posts\/5625","targetHints":{"allow":["GET"]}}],"collection":[{"href":"https:\/\/www.blog.neoprog.eu\/index.php\/wp-json\/wp\/v2\/posts"}],"about":[{"href":"https:\/\/www.blog.neoprog.eu\/index.php\/wp-json\/wp\/v2\/types\/post"}],"author":[{"embeddable":true,"href":"https:\/\/www.blog.neoprog.eu\/index.php\/wp-json\/wp\/v2\/users\/1"}],"replies":[{"embeddable":true,"href":"https:\/\/www.blog.neoprog.eu\/index.php\/wp-json\/wp\/v2\/comments?post=5625"}],"version-history":[{"count":3,"href":"https:\/\/www.blog.neoprog.eu\/index.php\/wp-json\/wp\/v2\/posts\/5625\/revisions"}],"predecessor-version":[{"id":5640,"href":"https:\/\/www.blog.neoprog.eu\/index.php\/wp-json\/wp\/v2\/posts\/5625\/revisions\/5640"}],"wp:featuredmedia":[{"embeddable":true,"href":"https:\/\/www.blog.neoprog.eu\/index.php\/wp-json\/wp\/v2\/media\/5626"}],"wp:attachment":[{"href":"https:\/\/www.blog.neoprog.eu\/index.php\/wp-json\/wp\/v2\/media?parent=5625"}],"wp:term":[{"taxonomy":"category","embeddable":true,"href":"https:\/\/www.blog.neoprog.eu\/index.php\/wp-json\/wp\/v2\/categories?post=5625"},{"taxonomy":"post_tag","embeddable":true,"href":"https:\/\/www.blog.neoprog.eu\/index.php\/wp-json\/wp\/v2\/tags?post=5625"}],"curies":[{"name":"wp","href":"https:\/\/api.w.org\/{rel}","templated":true}]}}