{"id":7073,"date":"2021-06-20T10:11:18","date_gmt":"2021-06-20T08:11:18","guid":{"rendered":"http:\/\/www.blog.neoprog.eu\/?p=7073"},"modified":"2021-06-20T10:12:39","modified_gmt":"2021-06-20T08:12:39","slug":"pour-bien-comprendre","status":"publish","type":"post","link":"https:\/\/www.blog.neoprog.eu\/index.php\/2021\/06\/20\/pour-bien-comprendre\/","title":{"rendered":"Pour bien comprendre"},"content":{"rendered":"\n<figure class=\"wp-block-image size-large\"><img loading=\"lazy\" decoding=\"async\" width=\"1024\" height=\"748\" src=\"https:\/\/www.blog.neoprog.eu\/wp-content\/uploads\/2021\/06\/evolution-de-la-temperature-1024x748.png\" alt=\"\" class=\"wp-image-7075\" srcset=\"https:\/\/www.blog.neoprog.eu\/wp-content\/uploads\/2021\/06\/evolution-de-la-temperature-1024x748.png 1024w, https:\/\/www.blog.neoprog.eu\/wp-content\/uploads\/2021\/06\/evolution-de-la-temperature-300x219.png 300w, https:\/\/www.blog.neoprog.eu\/wp-content\/uploads\/2021\/06\/evolution-de-la-temperature-768x561.png 768w, https:\/\/www.blog.neoprog.eu\/wp-content\/uploads\/2021\/06\/evolution-de-la-temperature-411x300.png 411w, https:\/\/www.blog.neoprog.eu\/wp-content\/uploads\/2021\/06\/evolution-de-la-temperature.png 1522w\" sizes=\"auto, (max-width: 1024px) 100vw, 1024px\" \/><\/figure>\n\n\n\n<p>Ce n&rsquo;est pas moi qui l&rsquo;\u00e9crit mais le <a href=\"https:\/\/www.ipcc.ch\/languages-2\/francais\/\">GIEC<\/a>, la Terre se r\u00e9chauffe depuis le d\u00e9but de l&rsquo;\u00e8re industrielle, et le ph\u00e9nom\u00e8ne va en s&rsquo;aggravant. Selon les projections, nous pourrions voir la temp\u00e9rature moyenne de l&rsquo;atmosph\u00e8re augmenter de 0.2\u00b0C \u00e0 3.3\u00b0C d&rsquo;ici la fin du si\u00e8cle selon les sc\u00e9narios. Je ne vous demande pas de me croire sur parole mais plut\u00f4t de lire le <a href=\"https:\/\/www.ipcc.ch\/site\/assets\/uploads\/2018\/05\/ar4-wg1-spm-fr.pdf\">R\u00e9sum\u00e9 \u00e0 l&rsquo;intention des d\u00e9cideurs<\/a> du rapport GIEC dans sa version fran\u00e7aise.<\/p>\n\n\n\n<p>Pourquoi tant d&rsquo;\u00e9carts entre les cinq sc\u00e9narios propos\u00e9s ? Un des sc\u00e9nario (en orange) part du postulat que nous cessons tout de suite de produire des gaz \u00e0 effets de serre (plus de moteurs thermiques, voitures, camions, bateaux, avions, plus de centrale \u00e0 charbon, plus de chaudi\u00e8re \u00e0 fioul et gaz), bref ce n&rsquo;est pas gagn\u00e9. En rouge, nous continuons gaiment nos conneries.<\/p>\n\n\n\n<p>Vous me direz, 3.3\u00b0C c&rsquo;est peanuts, entre l&rsquo;hiver o\u00f9 il fait -5\u00b0C et l&rsquo;\u00e9t\u00e9 o\u00f9 \u00e7a cogne \u00e0 30\u00b0C, il y a trente-cinq degr\u00e9s d&rsquo;\u00e9cart, alors trois degr\u00e9s de plus ou de moins&#8230; Oui mais non, on parle ici de temp\u00e9ratures moyennes. La temp\u00e9rature moyenne en France en 2020 \u00e9tait de 14\u00b0C. Si nous prenons l&rsquo;hypoth\u00e8se pessimiste, elle pourrait aller jusqu&rsquo;\u00e0 17,3\u00b0C. Trois degr\u00e9s de plus en moyenne peuvent avoir des cons\u00e9quences catastrophiques, fonte des glaciers, du permafrost, de la banquise, changement de circulation des courants marins, augmentation des ph\u00e9nom\u00e8nes violents comme les cyclones.<\/p>\n\n\n\n<figure class=\"wp-block-image size-large\"><img loading=\"lazy\" decoding=\"async\" width=\"1024\" height=\"576\" src=\"https:\/\/www.blog.neoprog.eu\/wp-content\/uploads\/2021\/06\/augmentation-1024x576.jpg\" alt=\"\" class=\"wp-image-7090\" srcset=\"https:\/\/www.blog.neoprog.eu\/wp-content\/uploads\/2021\/06\/augmentation-1024x576.jpg 1024w, https:\/\/www.blog.neoprog.eu\/wp-content\/uploads\/2021\/06\/augmentation-300x169.jpg 300w, https:\/\/www.blog.neoprog.eu\/wp-content\/uploads\/2021\/06\/augmentation-768x432.jpg 768w, https:\/\/www.blog.neoprog.eu\/wp-content\/uploads\/2021\/06\/augmentation-500x281.jpg 500w, https:\/\/www.blog.neoprog.eu\/wp-content\/uploads\/2021\/06\/augmentation.jpg 1350w\" sizes=\"auto, (max-width: 1024px) 100vw, 1024px\" \/><figcaption>El\u00e9vation du niveau de la mer en 2050<\/figcaption><\/figure>\n\n\n\n<p>Vous me direz, vous ne vivez pas sur la banquise et les cyclones c&rsquo;est pour les autres. Oui mais non. La fonte de la banquise entraine l&rsquo;augmentation du niveau de la mer, donc la disparition de zones habitables (New York, une partie des Pays-Bas). Vous pouvez chercher votre plage pr\u00e9f\u00e9r\u00e9e sur <a href=\"https:\/\/coastal.climatecentral.org\/map\/6\/2.0517\/46.4395\/?theme=sea_level_rise&amp;map_type=year&amp;basemap=roadmap&amp;contiguous=true&amp;elevation_model=best_available&amp;forecast_year=2050&amp;pathway=rcp45&amp;percentile=p50&amp;refresh=true&amp;return_level=return_level_1&amp;slr_model=kopp_2014\">Climate Central<\/a> pour voir ce qu&rsquo;elle deviendra en 2050. Les courant marins eux r\u00e9gulent \u00e9norm\u00e9ment notre climat comme Le Gulf Stream qui donne \u00e0 l&rsquo;Europe un climat temp\u00e9r\u00e9 ou El Nino et La Nina qui affectent les r\u00e9gimes de pr\u00e9cipitations. Pour les cyclones, ouf, nous sommes \u00e9pargn\u00e9s. Ben non justement, en mer M\u00e9diterran\u00e9e il y a ces M\u00e9dicanes comme <a href=\"https:\/\/www.meteo-paris.com\/actualites\/medicane-ianos-un-petit-cyclone-en-mediterranee-17-septembre-2020.html\">Ianos<\/a> en 2020.<\/p>\n\n\n\n<figure class=\"wp-block-image size-large\"><img loading=\"lazy\" decoding=\"async\" width=\"740\" height=\"447\" src=\"https:\/\/www.blog.neoprog.eu\/wp-content\/uploads\/2021\/06\/ianos-170920.jpg\" alt=\"\" class=\"wp-image-7091\" srcset=\"https:\/\/www.blog.neoprog.eu\/wp-content\/uploads\/2021\/06\/ianos-170920.jpg 740w, https:\/\/www.blog.neoprog.eu\/wp-content\/uploads\/2021\/06\/ianos-170920-300x181.jpg 300w, https:\/\/www.blog.neoprog.eu\/wp-content\/uploads\/2021\/06\/ianos-170920-497x300.jpg 497w\" sizes=\"auto, (max-width: 740px) 100vw, 740px\" \/><\/figure>\n\n\n\n<p>Plus pr\u00e8s de nous il y a les s\u00e9cheresses, les canicules, les fortes pr\u00e9cipitations, les supers orages, tous ces ph\u00e9nom\u00e8nes violents et rares qui deviennent de plus en plus fr\u00e9quents avec le r\u00e9chauffement climatique. Vous pouvez par exemple consulter le site des <a href=\"http:\/\/pluiesextremes.meteo.fr\/france-metropole\/-Evenements-memorables-.html\">Pluies Extr\u00eames<\/a> de M\u00e9t\u00e9o-France pour vous faire une id\u00e9e.<\/p>\n\n\n\n<figure class=\"wp-block-image size-large\"><img loading=\"lazy\" decoding=\"async\" width=\"772\" height=\"1024\" src=\"https:\/\/www.blog.neoprog.eu\/wp-content\/uploads\/2021\/06\/Capture-decran-2021-06-20-a-08.41.45-772x1024.png\" alt=\"\" class=\"wp-image-7096\" srcset=\"https:\/\/www.blog.neoprog.eu\/wp-content\/uploads\/2021\/06\/Capture-decran-2021-06-20-a-08.41.45-772x1024.png 772w, https:\/\/www.blog.neoprog.eu\/wp-content\/uploads\/2021\/06\/Capture-decran-2021-06-20-a-08.41.45-226x300.png 226w, https:\/\/www.blog.neoprog.eu\/wp-content\/uploads\/2021\/06\/Capture-decran-2021-06-20-a-08.41.45-768x1018.png 768w, https:\/\/www.blog.neoprog.eu\/wp-content\/uploads\/2021\/06\/Capture-decran-2021-06-20-a-08.41.45-1159x1536.png 1159w, https:\/\/www.blog.neoprog.eu\/wp-content\/uploads\/2021\/06\/Capture-decran-2021-06-20-a-08.41.45-1545x2048.png 1545w, https:\/\/www.blog.neoprog.eu\/wp-content\/uploads\/2021\/06\/Capture-decran-2021-06-20-a-08.41.45.png 1824w\" sizes=\"auto, (max-width: 772px) 100vw, 772px\" \/><\/figure>\n\n\n\n<p>Alors bien entendu, vous pouvez dire, tout \u00e7a c&rsquo;est des conneries, on nous enfume comme pour le COVID-19, les temp\u00e9ratures n&rsquo;augmentent pas. En fait si, <a href=\"http:\/\/www.meteofrance.fr\/climat-passe-et-futur\/climathd\">regardez<\/a> :<\/p>\n\n\n\n<figure class=\"wp-block-image size-large\"><img loading=\"lazy\" decoding=\"async\" width=\"1024\" height=\"668\" src=\"https:\/\/www.blog.neoprog.eu\/wp-content\/uploads\/2021\/06\/ecart-a-la-moyenne-1024x668.png\" alt=\"\" class=\"wp-image-7076\" srcset=\"https:\/\/www.blog.neoprog.eu\/wp-content\/uploads\/2021\/06\/ecart-a-la-moyenne-1024x668.png 1024w, https:\/\/www.blog.neoprog.eu\/wp-content\/uploads\/2021\/06\/ecart-a-la-moyenne-300x196.png 300w, https:\/\/www.blog.neoprog.eu\/wp-content\/uploads\/2021\/06\/ecart-a-la-moyenne-768x501.png 768w, https:\/\/www.blog.neoprog.eu\/wp-content\/uploads\/2021\/06\/ecart-a-la-moyenne-460x300.png 460w, https:\/\/www.blog.neoprog.eu\/wp-content\/uploads\/2021\/06\/ecart-a-la-moyenne.png 1266w\" sizes=\"auto, (max-width: 1024px) 100vw, 1024px\" \/><\/figure>\n\n\n\n<p>Voici l&rsquo;augmentation de la temp\u00e9rature moyenne en France depuis 1900. On part d&rsquo;une temp\u00e9rature moyenne calcul\u00e9e sur trente ans, ce que l&rsquo;on appelle une normale (1961 \u00e0 1990) et on calcule l&rsquo;\u00e9cart \u00e0 cette temp\u00e9rature pour chaque ann\u00e9e depuis 1900. En bleu c&rsquo;est plus froid, en rouge, c&rsquo;est plus chaud. Regardez ce qui se passe depuis 1990, c&rsquo;est rouge tous les ans. Et \u00e7a ce sont des mesures, vous pouvez m\u00eame <a href=\"https:\/\/donneespubliques.meteofrance.fr\">r\u00e9cup\u00e9rer les donn\u00e9es<\/a> et faire les calculs vous m\u00eame si vous doutez encore.<\/p>\n\n\n\n<p>Et puis n&rsquo;avez-vous pas remarqu\u00e9 que les hivers sont plus doux et les \u00e9t\u00e9s plus chauds ? Oui je sais, ce printemps a \u00e9t\u00e9 particuli\u00e8rement frais cette ann\u00e9e, mais cela n&rsquo;enl\u00e8ve rien \u00e0 la tendance g\u00e9n\u00e9rale climatique. Et puis, la fin du printemps 2021, moi je l&rsquo;ai trouv\u00e9 plut\u00f4t caniculaire, pas vous ? <\/p>\n\n\n\n<figure class=\"wp-block-image size-large\"><img loading=\"lazy\" decoding=\"async\" width=\"1024\" height=\"737\" src=\"https:\/\/www.blog.neoprog.eu\/wp-content\/uploads\/2021\/06\/1-Evolution-temperature-1mars-26mai2021-1-1024x737.png\" alt=\"\" class=\"wp-image-7082\" srcset=\"https:\/\/www.blog.neoprog.eu\/wp-content\/uploads\/2021\/06\/1-Evolution-temperature-1mars-26mai2021-1-1024x737.png 1024w, https:\/\/www.blog.neoprog.eu\/wp-content\/uploads\/2021\/06\/1-Evolution-temperature-1mars-26mai2021-1-300x216.png 300w, https:\/\/www.blog.neoprog.eu\/wp-content\/uploads\/2021\/06\/1-Evolution-temperature-1mars-26mai2021-1-768x553.png 768w, https:\/\/www.blog.neoprog.eu\/wp-content\/uploads\/2021\/06\/1-Evolution-temperature-1mars-26mai2021-1-417x300.png 417w, https:\/\/www.blog.neoprog.eu\/wp-content\/uploads\/2021\/06\/1-Evolution-temperature-1mars-26mai2021-1.png 1038w\" sizes=\"auto, (max-width: 1024px) 100vw, 1024px\" \/><\/figure>\n\n\n\n<p>Il y a des hauts et des bas par rapport \u00e0 la moyenne des temp\u00e9ratures, des petits incidents, plus froids en bleu ou plus chauds en rouge, mais qui ne remettent pas en question l&rsquo;augmentation de la temp\u00e9rature plan\u00e9taire globale.<\/p>\n\n\n\n<p>Quelle est la cause du r\u00e9chauffement climatique ? La Terre se rapproche du soleil ? Non. C&rsquo;est li\u00e9 \u00e0 l&rsquo;activit\u00e9 solaire ? Non plus. Enfin je ne suis pas astronome m\u00eame si \u00e7a m&rsquo;int\u00e9resse mais d&rsquo;autres scientifiques se sont pench\u00e9s sur le probl\u00e8me. \u00ab\u00a0L\u2019activit\u00e9 du Soleil ne peut donc \u00eatre le facteur dominant de ce r\u00e9chauffement, m\u00eame si des corr\u00e9lations entre l\u2019activit\u00e9 solaire et certaines variations&nbsp;<em>\u00e0 court terme&nbsp;<\/em>de la temp\u00e9rature terrestre ont \u00e9t\u00e9 mises en \u00e9vidence, qui pourraient \u00eatre le signe d\u2019un couplage.\u00a0\u00bb, le pouvez lire le <a href=\"https:\/\/www.academie-sciences.fr\/pdf\/rapport\/rapport261010.pdf\">rapport de l&rsquo;Acad\u00e9mie de Sciences<\/a> si vous avez un doute. Alors c&rsquo;est quoi ? C&rsquo;est li\u00e9 au p\u00eats des vaches ? Oui entre autre. C&rsquo;est li\u00e9 aux gaz \u00e0 effet de serre et le m\u00e9thane (les prouts) en est un.<\/p>\n\n\n\n<figure class=\"wp-block-image size-large\"><img loading=\"lazy\" decoding=\"async\" width=\"1024\" height=\"874\" src=\"https:\/\/www.blog.neoprog.eu\/wp-content\/uploads\/2021\/06\/Capture-decran-2021-06-19-a-18.21.15-1024x874.png\" alt=\"\" class=\"wp-image-7078\" srcset=\"https:\/\/www.blog.neoprog.eu\/wp-content\/uploads\/2021\/06\/Capture-decran-2021-06-19-a-18.21.15-1024x874.png 1024w, https:\/\/www.blog.neoprog.eu\/wp-content\/uploads\/2021\/06\/Capture-decran-2021-06-19-a-18.21.15-300x256.png 300w, https:\/\/www.blog.neoprog.eu\/wp-content\/uploads\/2021\/06\/Capture-decran-2021-06-19-a-18.21.15-768x656.png 768w, https:\/\/www.blog.neoprog.eu\/wp-content\/uploads\/2021\/06\/Capture-decran-2021-06-19-a-18.21.15-1536x1311.png 1536w, https:\/\/www.blog.neoprog.eu\/wp-content\/uploads\/2021\/06\/Capture-decran-2021-06-19-a-18.21.15-351x300.png 351w, https:\/\/www.blog.neoprog.eu\/wp-content\/uploads\/2021\/06\/Capture-decran-2021-06-19-a-18.21.15.png 2036w\" sizes=\"auto, (max-width: 1024px) 100vw, 1024px\" \/><\/figure>\n\n\n\n<p>Voila ce que montrent les statistiques (source <a href=\"https:\/\/www.ipcc.ch\/site\/assets\/uploads\/2018\/02\/AR5_SYR_FINAL_SPM_fr.pdf\">GIEC<\/a>), quand les \u00e9missions de C02 augmentent, la temp\u00e9rature augmente. C&rsquo;est ce que l&rsquo;on appelle une corr\u00e9lation statistique, un peu la corr\u00e9lation entre la consommation de bi\u00e8re et le d\u00e9veloppement d&rsquo;un bidon au fil des ann\u00e9es. <\/p>\n\n\n\n<p>Alors vous me direz, on peut faire tout dire aux statistiques, oui effectivement, lorsque l&rsquo;on utilise pas des ensembles de donn\u00e9es significatifs ou qui comprenant des donn\u00e9es erron\u00e9es ou biais\u00e9es. Mais l\u00e0 pour le coup l&rsquo;<a href=\"https:\/\/public.wmo.int\/fr\">Organisation Mondiale de la M\u00e9t\u00e9orologie<\/a> dispose de donn\u00e9es quotidiennes fiables sur plus d&rsquo;un si\u00e8cle et sur la Terre enti\u00e8re alors voila quoi, l&rsquo;\u00e9chantillon statistique est suffisamment grand et de bonne qualit\u00e9, j&rsquo;en sais quelque chose, j&rsquo;ai travaill\u00e9 \u00e0 collecter ces donn\u00e9es et \u00e0 les valider.<\/p>\n\n\n\n<p>Bon si \u00e7a se r\u00e9chauffe vraiment, que peux-t-on faire ? Installer des climatisations pour rendre \u00e7a supportable ? Non \u00e7a c&rsquo;est juste cr\u00e9tin. Les clims rejettent de l&rsquo;air chaud et consomment beaucoup d&rsquo;\u00e9nergie. Elles ont tendance \u00e0 augmenter le ph\u00e9nom\u00e8ne d&rsquo;ilot de chaleur urbain, c&rsquo;est \u00e0 dire ces zones de plus fortes chaleurs dans les zones habit\u00e9es. Nous allons donc devoir faire avec l&rsquo;augmentation des temp\u00e9ratures, s&rsquo;adapter, fermer les volets la journ\u00e9e, a\u00e9rer t\u00f4t le matin, au minimum de temp\u00e9rature, \u00e9viter de b\u00e9tonner les sols, planter des arbres pour ombrager les rues, v\u00e9g\u00e9taliser les toits et les fa\u00e7ades. <\/p>\n\n\n\n<p>Il va surtout falloir r\u00e9duire notre consommation en \u00e9nergies fossiles afin de diminuer notre production de CO2. Le p\u00e9trole, le gaz, le charbon, les constructions en b\u00e9ton. Remplacer le p\u00e9trole par l&rsquo;\u00e9olien, le solaire et l&rsquo;hydro\u00e9lectrique est une douce utopie, du moins pour l&rsquo;instant, car nous consommons trop et ces installations ne poss\u00e8dent pas que des bons c\u00f4t\u00e9s, loin de l\u00e0. Je ne dis pas qu&rsquo;il faut arr\u00eater les \u00e9nergies \u00ab\u00a0vertes\u00a0\u00bb, mais plut\u00f4t que nous devons r\u00e9duire notre consommation \u00e9nerg\u00e9tique.<\/p>\n\n\n\n<figure class=\"wp-block-image size-large\"><img loading=\"lazy\" decoding=\"async\" width=\"860\" height=\"1024\" src=\"https:\/\/www.blog.neoprog.eu\/wp-content\/uploads\/2021\/06\/20190507PHT44967_original-860x1024.jpg\" alt=\"\" class=\"wp-image-7099\" srcset=\"https:\/\/www.blog.neoprog.eu\/wp-content\/uploads\/2021\/06\/20190507PHT44967_original-860x1024.jpg 860w, https:\/\/www.blog.neoprog.eu\/wp-content\/uploads\/2021\/06\/20190507PHT44967_original-252x300.jpg 252w, https:\/\/www.blog.neoprog.eu\/wp-content\/uploads\/2021\/06\/20190507PHT44967_original-768x915.jpg 768w, https:\/\/www.blog.neoprog.eu\/wp-content\/uploads\/2021\/06\/20190507PHT44967_original.jpg 1199w\" sizes=\"auto, (max-width: 860px) 100vw, 860px\" \/><\/figure>\n\n\n\n<p>La grande solution que nous font miroiter les industriels et politiques est la voiture \u00e9lectrique. Ok, d&rsquo;apr\u00e8s le <a href=\"https:\/\/www.europarl.europa.eu\/news\/fr\/headlines\/society\/20190313STO31218\/emissions-de-co2-des-voitures-faits-et-chiffres-infographie\">Parlement europ\u00e9en<\/a> la voiture individuelle repr\u00e9senterait 43% des \u00e9missions de CO2 en Europe pour les transports. C&rsquo;est pas mal. Mais avec quoi allons-nous faire rouler les voitures \u00e9lectriques, avec de l&rsquo;\u00e9lectricit\u00e9 non ? Et avec quoi va-t-on produire de l&rsquo;\u00e9lectricit\u00e9, nos \u00e9oliennes, du charbon ?<\/p>\n\n\n\n<p>Je ne parle m\u00eame pas de l&rsquo;impact carbone de la construction d&rsquo;une voiture \u00e9lectrique car tout le monde n&rsquo;est pas d&rsquo;accord mais vous pouvez <a href=\"https:\/\/www.automobile-propre.com\/voiture-electrique-bilan-carbone-bien-meilleur-que-prevu\/\">lire cette article<\/a>. \u00ab\u00a0la fabrication d\u2019une voiture \u00e9lectrique p\u00e8se plus lourd en bilan carbone : 32 g\/km \u00e9qCO2 pour la Mercedes Classe C 220d, contre 51 g\/km \u00e9qCO2 pour la Tesla Model 3, dont 23 grammes pour la batterie de 75 kWh de capacit\u00e9 \u00e9nerg\u00e9tique\u00a0\u00bb mais \u00ab\u00a0Selon les chercheurs, il ne faut que 30.000 kilom\u00e8tres pour compenser les gaz \u00e0 effet de serre lib\u00e9r\u00e9s sp\u00e9cifiquement lors de la fabrication du pack 75 kWh de la Model 3.\u00a0\u00bb. Apr\u00e8s, j&rsquo;ai roul\u00e9 en Zo\u00e9, pas longtemps parce que l&rsquo;autonomie annonc\u00e9e de 370 km s&rsquo;est r\u00e9duite comme peau de chagrin \u00e0 200 km. J&rsquo;habite une r\u00e9gion pluvieuse, froide et montagneuse. Il y a un simulateur optimiste sur <a href=\"https:\/\/www.automobile-propre.com\/voitures\/renault-zoe\/autonomie\/\">Automobile Propre<\/a> si \u00e7a vous tente. Je ne suis pas certain que nous tenons l\u00e0 la solution miracle, si ce n&rsquo;est relancer l&rsquo;industrie automobile artificicellement.<\/p>\n\n\n\n<figure class=\"wp-block-image size-large\"><img loading=\"lazy\" decoding=\"async\" width=\"800\" height=\"535\" src=\"https:\/\/www.blog.neoprog.eu\/wp-content\/uploads\/2021\/06\/taishan.jpg\" alt=\"\" class=\"wp-image-7087\" srcset=\"https:\/\/www.blog.neoprog.eu\/wp-content\/uploads\/2021\/06\/taishan.jpg 800w, https:\/\/www.blog.neoprog.eu\/wp-content\/uploads\/2021\/06\/taishan-300x201.jpg 300w, https:\/\/www.blog.neoprog.eu\/wp-content\/uploads\/2021\/06\/taishan-768x514.jpg 768w, https:\/\/www.blog.neoprog.eu\/wp-content\/uploads\/2021\/06\/taishan-449x300.jpg 449w\" sizes=\"auto, (max-width: 800px) 100vw, 800px\" \/><\/figure>\n\n\n\n<p>J&rsquo;ai discut\u00e9 il y a peu avec des <a href=\"https:\/\/www.blog.neoprog.eu\/index.php\/2021\/06\/04\/nuke-ta-mere\/\">pro nucl\u00e9aires<\/a> qui voient dans les centrales la solution ultime \u00e0 nos probl\u00e8mes \u00e9nerg\u00e9tiques et climatiques. Ils ne m&rsquo;ont pas convaincu, sans doute parce que je suis farouchement oppos\u00e9 au nucl\u00e9aire, une source d&rsquo;\u00e9nergie que je trouve un tantinet dangereuse, il n&rsquo;y a qu&rsquo;\u00e0 voir le dernier <a href=\"https:\/\/www.liberation.fr\/environnement\/nucleaire\/fuite-radioactive-sur-lepr-chinois-que-sest-il-passe-dans-la-centrale-de-taishan-20210614_WOLJCWUHORDMDNG3NVGAWPFPWY\/\">incident en date<\/a>. Mais c&rsquo;est clair, nous, nous sommes les meilleurs, les am\u00e9ricains, les russes, les chinois et les japonais sont des d\u00e9biles. N&rsquo;est-ce pas ?<\/p>\n\n\n\n<p>Donc la Terre se r\u00e9chauffe et c&rsquo;est un peu tard pour renverser la vapeur. C&rsquo;est cool (non justement). Si vous n&rsquo;\u00eates pas d&rsquo;accord, reprenez la lecture de l&rsquo;article depuis le d\u00e9but et essayez d&rsquo;ouvrir les yeux cette fois.<\/p>\n\n\n\n<p>Maintenant que peut-on faire sans b\u00e2tir des EPRs aux quatre coins de la France ? Parce que le but est bien de baisser notre production de gaz \u00e0 effet de serre pour limiter la casse et esp\u00e9rer atteindre seulement une augmentation de 1.5\u00b0C (<a href=\"https:\/\/ec.europa.eu\/clima\/policies\/international\/negotiations\/paris_fr\">les accords de Paris<\/a>) d&rsquo;ici la fin du si\u00e8cle (je ne vais pas vous mentir, c&rsquo;est tr\u00e8s mal barr\u00e9).<\/p>\n\n\n\n<p>La clim ? Non. La voiture \u00e9lectrique ? Bof. Partir vivre au Groenland ? Nous sommes quand m\u00eame sept milliards d&rsquo;habitants, on va \u00eatre serr\u00e9s. Ne manger que du quinoa et du tofu ? Pas enthousiaste d\u00e9sol\u00e9.<\/p>\n\n\n\n<p>Nous pouvons commencer par rouler moins, par ne prendre l&rsquo;avion que lorsque c&rsquo;est indispensable, manger moins de viande, nous d\u00e9placer \u00e0 v\u00e9lo ou \u00e0 pied, utiliser les transports en commun, changer moins souvent de gadgets \u00e9lectroniques, limiter notre temps sur Internet (on peut lire des livres \u00e0 la place, c&rsquo;est sympa), chauffer moins (il suffit de mettre des pulls en hiver), acheter local pour limiter les transports longue distance, favoriser l&rsquo;achat d&rsquo;occasion pour donner une nouvelle vie aux produits, v\u00e9g\u00e9taliser autant que possible les zones urbaines, sanctuariser les portions de territoire non b\u00e9tonn\u00e9, et pourquoi pas voter pour des politiques aux r\u00e9elles sensibilit\u00e9s \u00e9cologiques histoire de faire r\u00e9agir ceux qui nous gouvernent. <\/p>\n\n\n\n<p>En attendant, je vous souhaite une bonne prochaine canicule.<\/p>\n","protected":false},"excerpt":{"rendered":"<p>Ce n&rsquo;est pas moi qui l&rsquo;\u00e9crit mais le GIEC, la Terre se r\u00e9chauffe depuis le d\u00e9but de l&rsquo;\u00e8re industrielle, et le ph\u00e9nom\u00e8ne va en s&rsquo;aggravant. <a href=\"https:\/\/www.blog.neoprog.eu\/index.php\/2021\/06\/20\/pour-bien-comprendre\/\">Continuer la lecture <span class=\"meta-nav\">&rarr;<\/span><\/a><\/p>\n","protected":false},"author":1,"featured_media":7075,"comment_status":"open","ping_status":"open","sticky":false,"template":"","format":"standard","meta":{"footnotes":""},"categories":[298,59,297,20,610],"tags":[1983,1982,1487,126,135,130,1393,1657,128,127,1556,1154],"class_list":["post-7073","post","type-post","status-publish","format-standard","has-post-thumbnail","hentry","category-climat","category-humeur","category-planete","category-politique","category-science","tag-academie-des-sciences","tag-augmentation-du-niveau-des-oceans","tag-co2","tag-elections","tag-energie","tag-giec","tag-glaciers","tag-nucleaire","tag-planete","tag-rechauffement-climatique","tag-vert","tag-voiture-electrique"],"yoast_head":"<!-- This site is optimized with the Yoast SEO plugin v27.5 - https:\/\/yoast.com\/product\/yoast-seo-wordpress\/ -->\n<title>Pour bien comprendre - Le Blog du N\u00e9oprog<\/title>\n<meta name=\"description\" content=\"Ce n&#039;est pas moi qui l&#039;\u00e9crit mais le GIEC, la Terre se r\u00e9chauffe depuis le d\u00e9but de l&#039;\u00e8re industrielle, et le ph\u00e9nom\u00e8ne va en s&#039;aggravant.\" \/>\n<meta name=\"robots\" content=\"index, follow, max-snippet:-1, max-image-preview:large, max-video-preview:-1\" \/>\n<link rel=\"canonical\" href=\"https:\/\/www.blog.neoprog.eu\/index.php\/2021\/06\/20\/pour-bien-comprendre\/\" \/>\n<meta property=\"og:locale\" content=\"fr_FR\" \/>\n<meta property=\"og:type\" content=\"article\" \/>\n<meta property=\"og:title\" content=\"Pour bien comprendre - Le Blog du N\u00e9oprog\" \/>\n<meta property=\"og:description\" content=\"Ce n&#039;est pas moi qui l&#039;\u00e9crit mais le GIEC, la Terre se r\u00e9chauffe depuis le d\u00e9but de l&#039;\u00e8re industrielle, et le ph\u00e9nom\u00e8ne va en s&#039;aggravant.\" \/>\n<meta property=\"og:url\" content=\"https:\/\/www.blog.neoprog.eu\/index.php\/2021\/06\/20\/pour-bien-comprendre\/\" \/>\n<meta property=\"og:site_name\" content=\"Le Blog du N\u00e9oprog\" \/>\n<meta property=\"article:published_time\" content=\"2021-06-20T08:11:18+00:00\" \/>\n<meta property=\"article:modified_time\" content=\"2021-06-20T08:12:39+00:00\" \/>\n<meta property=\"og:image\" content=\"https:\/\/www.blog.neoprog.eu\/wp-content\/uploads\/2021\/06\/evolution-de-la-temperature.png\" \/>\n\t<meta property=\"og:image:width\" content=\"1522\" \/>\n\t<meta property=\"og:image:height\" content=\"1112\" \/>\n\t<meta property=\"og:image:type\" content=\"image\/png\" \/>\n<meta name=\"author\" content=\"Neoprog\" \/>\n<meta name=\"twitter:card\" content=\"summary_large_image\" \/>\n<meta name=\"twitter:creator\" content=\"@Le_Brun_JC\" \/>\n<meta name=\"twitter:site\" content=\"@Le_Brun_JC\" \/>\n<meta name=\"twitter:label1\" content=\"\u00c9crit par\" \/>\n\t<meta name=\"twitter:data1\" content=\"Neoprog\" \/>\n\t<meta name=\"twitter:label2\" content=\"Dur\u00e9e de lecture estim\u00e9e\" \/>\n\t<meta name=\"twitter:data2\" content=\"9 minutes\" \/>\n<script type=\"application\/ld+json\" class=\"yoast-schema-graph\">{\"@context\":\"https:\\\/\\\/schema.org\",\"@graph\":[{\"@type\":\"Article\",\"@id\":\"https:\\\/\\\/www.blog.neoprog.eu\\\/index.php\\\/2021\\\/06\\\/20\\\/pour-bien-comprendre\\\/#article\",\"isPartOf\":{\"@id\":\"https:\\\/\\\/www.blog.neoprog.eu\\\/index.php\\\/2021\\\/06\\\/20\\\/pour-bien-comprendre\\\/\"},\"author\":{\"name\":\"Neoprog\",\"@id\":\"https:\\\/\\\/www.blog.neoprog.eu\\\/#\\\/schema\\\/person\\\/47c594bf12736b172b772f0f02bcf511\"},\"headline\":\"Pour bien comprendre\",\"datePublished\":\"2021-06-20T08:11:18+00:00\",\"dateModified\":\"2021-06-20T08:12:39+00:00\",\"mainEntityOfPage\":{\"@id\":\"https:\\\/\\\/www.blog.neoprog.eu\\\/index.php\\\/2021\\\/06\\\/20\\\/pour-bien-comprendre\\\/\"},\"wordCount\":1724,\"commentCount\":2,\"publisher\":{\"@id\":\"https:\\\/\\\/www.blog.neoprog.eu\\\/#\\\/schema\\\/person\\\/47c594bf12736b172b772f0f02bcf511\"},\"image\":{\"@id\":\"https:\\\/\\\/www.blog.neoprog.eu\\\/index.php\\\/2021\\\/06\\\/20\\\/pour-bien-comprendre\\\/#primaryimage\"},\"thumbnailUrl\":\"https:\\\/\\\/www.blog.neoprog.eu\\\/wp-content\\\/uploads\\\/2021\\\/06\\\/evolution-de-la-temperature.png\",\"keywords\":[\"Acad\u00e9mie des Sciences\",\"augmentation du niveau des oc\u00e9ans\",\"CO2\",\"\u00e9lections\",\"\u00e9nergie\",\"GIEC\",\"glaciers\",\"nucl\u00e9aire\",\"plan\u00e8te\",\"r\u00e9chauffement climatique\",\"vert\",\"voiture \u00e9lectrique\"],\"articleSection\":[\"climat\",\"Humeurs\",\"plan\u00e8te\",\"politique\",\"science\"],\"inLanguage\":\"fr-FR\",\"potentialAction\":[{\"@type\":\"CommentAction\",\"name\":\"Comment\",\"target\":[\"https:\\\/\\\/www.blog.neoprog.eu\\\/index.php\\\/2021\\\/06\\\/20\\\/pour-bien-comprendre\\\/#respond\"]}]},{\"@type\":\"WebPage\",\"@id\":\"https:\\\/\\\/www.blog.neoprog.eu\\\/index.php\\\/2021\\\/06\\\/20\\\/pour-bien-comprendre\\\/\",\"url\":\"https:\\\/\\\/www.blog.neoprog.eu\\\/index.php\\\/2021\\\/06\\\/20\\\/pour-bien-comprendre\\\/\",\"name\":\"Pour bien comprendre - Le Blog du N\u00e9oprog\",\"isPartOf\":{\"@id\":\"https:\\\/\\\/www.blog.neoprog.eu\\\/#website\"},\"primaryImageOfPage\":{\"@id\":\"https:\\\/\\\/www.blog.neoprog.eu\\\/index.php\\\/2021\\\/06\\\/20\\\/pour-bien-comprendre\\\/#primaryimage\"},\"image\":{\"@id\":\"https:\\\/\\\/www.blog.neoprog.eu\\\/index.php\\\/2021\\\/06\\\/20\\\/pour-bien-comprendre\\\/#primaryimage\"},\"thumbnailUrl\":\"https:\\\/\\\/www.blog.neoprog.eu\\\/wp-content\\\/uploads\\\/2021\\\/06\\\/evolution-de-la-temperature.png\",\"datePublished\":\"2021-06-20T08:11:18+00:00\",\"dateModified\":\"2021-06-20T08:12:39+00:00\",\"description\":\"Ce n'est pas moi qui l'\u00e9crit mais le GIEC, la Terre se r\u00e9chauffe depuis le d\u00e9but de l'\u00e8re industrielle, et le ph\u00e9nom\u00e8ne va en s'aggravant.\",\"breadcrumb\":{\"@id\":\"https:\\\/\\\/www.blog.neoprog.eu\\\/index.php\\\/2021\\\/06\\\/20\\\/pour-bien-comprendre\\\/#breadcrumb\"},\"inLanguage\":\"fr-FR\",\"potentialAction\":[{\"@type\":\"ReadAction\",\"target\":[\"https:\\\/\\\/www.blog.neoprog.eu\\\/index.php\\\/2021\\\/06\\\/20\\\/pour-bien-comprendre\\\/\"]}]},{\"@type\":\"ImageObject\",\"inLanguage\":\"fr-FR\",\"@id\":\"https:\\\/\\\/www.blog.neoprog.eu\\\/index.php\\\/2021\\\/06\\\/20\\\/pour-bien-comprendre\\\/#primaryimage\",\"url\":\"https:\\\/\\\/www.blog.neoprog.eu\\\/wp-content\\\/uploads\\\/2021\\\/06\\\/evolution-de-la-temperature.png\",\"contentUrl\":\"https:\\\/\\\/www.blog.neoprog.eu\\\/wp-content\\\/uploads\\\/2021\\\/06\\\/evolution-de-la-temperature.png\",\"width\":1522,\"height\":1112},{\"@type\":\"BreadcrumbList\",\"@id\":\"https:\\\/\\\/www.blog.neoprog.eu\\\/index.php\\\/2021\\\/06\\\/20\\\/pour-bien-comprendre\\\/#breadcrumb\",\"itemListElement\":[{\"@type\":\"ListItem\",\"position\":1,\"name\":\"Home\",\"item\":\"https:\\\/\\\/www.blog.neoprog.eu\\\/\"},{\"@type\":\"ListItem\",\"position\":2,\"name\":\"Pour bien comprendre\"}]},{\"@type\":\"WebSite\",\"@id\":\"https:\\\/\\\/www.blog.neoprog.eu\\\/#website\",\"url\":\"https:\\\/\\\/www.blog.neoprog.eu\\\/\",\"name\":\"Le Blog du N\u00e9oprog\",\"description\":\"\",\"publisher\":{\"@id\":\"https:\\\/\\\/www.blog.neoprog.eu\\\/#\\\/schema\\\/person\\\/47c594bf12736b172b772f0f02bcf511\"},\"potentialAction\":[{\"@type\":\"SearchAction\",\"target\":{\"@type\":\"EntryPoint\",\"urlTemplate\":\"https:\\\/\\\/www.blog.neoprog.eu\\\/?s={search_term_string}\"},\"query-input\":{\"@type\":\"PropertyValueSpecification\",\"valueRequired\":true,\"valueName\":\"search_term_string\"}}],\"inLanguage\":\"fr-FR\"},{\"@type\":[\"Person\",\"Organization\"],\"@id\":\"https:\\\/\\\/www.blog.neoprog.eu\\\/#\\\/schema\\\/person\\\/47c594bf12736b172b772f0f02bcf511\",\"name\":\"Neoprog\",\"image\":{\"@type\":\"ImageObject\",\"inLanguage\":\"fr-FR\",\"@id\":\"https:\\\/\\\/www.blog.neoprog.eu\\\/wp-content\\\/uploads\\\/2022\\\/09\\\/autoportrait-2.jpg\",\"url\":\"https:\\\/\\\/www.blog.neoprog.eu\\\/wp-content\\\/uploads\\\/2022\\\/09\\\/autoportrait-2.jpg\",\"contentUrl\":\"https:\\\/\\\/www.blog.neoprog.eu\\\/wp-content\\\/uploads\\\/2022\\\/09\\\/autoportrait-2.jpg\",\"width\":1024,\"height\":681,\"caption\":\"Neoprog\"},\"logo\":{\"@id\":\"https:\\\/\\\/www.blog.neoprog.eu\\\/wp-content\\\/uploads\\\/2022\\\/09\\\/autoportrait-2.jpg\"}}]}<\/script>\n<!-- \/ Yoast SEO plugin. -->","yoast_head_json":{"title":"Pour bien comprendre - Le Blog du N\u00e9oprog","description":"Ce n'est pas moi qui l'\u00e9crit mais le GIEC, la Terre se r\u00e9chauffe depuis le d\u00e9but de l'\u00e8re industrielle, et le ph\u00e9nom\u00e8ne va en s'aggravant.","robots":{"index":"index","follow":"follow","max-snippet":"max-snippet:-1","max-image-preview":"max-image-preview:large","max-video-preview":"max-video-preview:-1"},"canonical":"https:\/\/www.blog.neoprog.eu\/index.php\/2021\/06\/20\/pour-bien-comprendre\/","og_locale":"fr_FR","og_type":"article","og_title":"Pour bien comprendre - Le Blog du N\u00e9oprog","og_description":"Ce n'est pas moi qui l'\u00e9crit mais le GIEC, la Terre se r\u00e9chauffe depuis le d\u00e9but de l'\u00e8re industrielle, et le ph\u00e9nom\u00e8ne va en s'aggravant.","og_url":"https:\/\/www.blog.neoprog.eu\/index.php\/2021\/06\/20\/pour-bien-comprendre\/","og_site_name":"Le Blog du N\u00e9oprog","article_published_time":"2021-06-20T08:11:18+00:00","article_modified_time":"2021-06-20T08:12:39+00:00","og_image":[{"width":1522,"height":1112,"url":"https:\/\/www.blog.neoprog.eu\/wp-content\/uploads\/2021\/06\/evolution-de-la-temperature.png","type":"image\/png"}],"author":"Neoprog","twitter_card":"summary_large_image","twitter_creator":"@Le_Brun_JC","twitter_site":"@Le_Brun_JC","twitter_misc":{"\u00c9crit par":"Neoprog","Dur\u00e9e de lecture estim\u00e9e":"9 minutes"},"schema":{"@context":"https:\/\/schema.org","@graph":[{"@type":"Article","@id":"https:\/\/www.blog.neoprog.eu\/index.php\/2021\/06\/20\/pour-bien-comprendre\/#article","isPartOf":{"@id":"https:\/\/www.blog.neoprog.eu\/index.php\/2021\/06\/20\/pour-bien-comprendre\/"},"author":{"name":"Neoprog","@id":"https:\/\/www.blog.neoprog.eu\/#\/schema\/person\/47c594bf12736b172b772f0f02bcf511"},"headline":"Pour bien comprendre","datePublished":"2021-06-20T08:11:18+00:00","dateModified":"2021-06-20T08:12:39+00:00","mainEntityOfPage":{"@id":"https:\/\/www.blog.neoprog.eu\/index.php\/2021\/06\/20\/pour-bien-comprendre\/"},"wordCount":1724,"commentCount":2,"publisher":{"@id":"https:\/\/www.blog.neoprog.eu\/#\/schema\/person\/47c594bf12736b172b772f0f02bcf511"},"image":{"@id":"https:\/\/www.blog.neoprog.eu\/index.php\/2021\/06\/20\/pour-bien-comprendre\/#primaryimage"},"thumbnailUrl":"https:\/\/www.blog.neoprog.eu\/wp-content\/uploads\/2021\/06\/evolution-de-la-temperature.png","keywords":["Acad\u00e9mie des Sciences","augmentation du niveau des oc\u00e9ans","CO2","\u00e9lections","\u00e9nergie","GIEC","glaciers","nucl\u00e9aire","plan\u00e8te","r\u00e9chauffement climatique","vert","voiture \u00e9lectrique"],"articleSection":["climat","Humeurs","plan\u00e8te","politique","science"],"inLanguage":"fr-FR","potentialAction":[{"@type":"CommentAction","name":"Comment","target":["https:\/\/www.blog.neoprog.eu\/index.php\/2021\/06\/20\/pour-bien-comprendre\/#respond"]}]},{"@type":"WebPage","@id":"https:\/\/www.blog.neoprog.eu\/index.php\/2021\/06\/20\/pour-bien-comprendre\/","url":"https:\/\/www.blog.neoprog.eu\/index.php\/2021\/06\/20\/pour-bien-comprendre\/","name":"Pour bien comprendre - Le Blog du N\u00e9oprog","isPartOf":{"@id":"https:\/\/www.blog.neoprog.eu\/#website"},"primaryImageOfPage":{"@id":"https:\/\/www.blog.neoprog.eu\/index.php\/2021\/06\/20\/pour-bien-comprendre\/#primaryimage"},"image":{"@id":"https:\/\/www.blog.neoprog.eu\/index.php\/2021\/06\/20\/pour-bien-comprendre\/#primaryimage"},"thumbnailUrl":"https:\/\/www.blog.neoprog.eu\/wp-content\/uploads\/2021\/06\/evolution-de-la-temperature.png","datePublished":"2021-06-20T08:11:18+00:00","dateModified":"2021-06-20T08:12:39+00:00","description":"Ce n'est pas moi qui l'\u00e9crit mais le GIEC, la Terre se r\u00e9chauffe depuis le d\u00e9but de l'\u00e8re industrielle, et le ph\u00e9nom\u00e8ne va en s'aggravant.","breadcrumb":{"@id":"https:\/\/www.blog.neoprog.eu\/index.php\/2021\/06\/20\/pour-bien-comprendre\/#breadcrumb"},"inLanguage":"fr-FR","potentialAction":[{"@type":"ReadAction","target":["https:\/\/www.blog.neoprog.eu\/index.php\/2021\/06\/20\/pour-bien-comprendre\/"]}]},{"@type":"ImageObject","inLanguage":"fr-FR","@id":"https:\/\/www.blog.neoprog.eu\/index.php\/2021\/06\/20\/pour-bien-comprendre\/#primaryimage","url":"https:\/\/www.blog.neoprog.eu\/wp-content\/uploads\/2021\/06\/evolution-de-la-temperature.png","contentUrl":"https:\/\/www.blog.neoprog.eu\/wp-content\/uploads\/2021\/06\/evolution-de-la-temperature.png","width":1522,"height":1112},{"@type":"BreadcrumbList","@id":"https:\/\/www.blog.neoprog.eu\/index.php\/2021\/06\/20\/pour-bien-comprendre\/#breadcrumb","itemListElement":[{"@type":"ListItem","position":1,"name":"Home","item":"https:\/\/www.blog.neoprog.eu\/"},{"@type":"ListItem","position":2,"name":"Pour bien comprendre"}]},{"@type":"WebSite","@id":"https:\/\/www.blog.neoprog.eu\/#website","url":"https:\/\/www.blog.neoprog.eu\/","name":"Le Blog du N\u00e9oprog","description":"","publisher":{"@id":"https:\/\/www.blog.neoprog.eu\/#\/schema\/person\/47c594bf12736b172b772f0f02bcf511"},"potentialAction":[{"@type":"SearchAction","target":{"@type":"EntryPoint","urlTemplate":"https:\/\/www.blog.neoprog.eu\/?s={search_term_string}"},"query-input":{"@type":"PropertyValueSpecification","valueRequired":true,"valueName":"search_term_string"}}],"inLanguage":"fr-FR"},{"@type":["Person","Organization"],"@id":"https:\/\/www.blog.neoprog.eu\/#\/schema\/person\/47c594bf12736b172b772f0f02bcf511","name":"Neoprog","image":{"@type":"ImageObject","inLanguage":"fr-FR","@id":"https:\/\/www.blog.neoprog.eu\/wp-content\/uploads\/2022\/09\/autoportrait-2.jpg","url":"https:\/\/www.blog.neoprog.eu\/wp-content\/uploads\/2022\/09\/autoportrait-2.jpg","contentUrl":"https:\/\/www.blog.neoprog.eu\/wp-content\/uploads\/2022\/09\/autoportrait-2.jpg","width":1024,"height":681,"caption":"Neoprog"},"logo":{"@id":"https:\/\/www.blog.neoprog.eu\/wp-content\/uploads\/2022\/09\/autoportrait-2.jpg"}}]}},"_links":{"self":[{"href":"https:\/\/www.blog.neoprog.eu\/index.php\/wp-json\/wp\/v2\/posts\/7073","targetHints":{"allow":["GET"]}}],"collection":[{"href":"https:\/\/www.blog.neoprog.eu\/index.php\/wp-json\/wp\/v2\/posts"}],"about":[{"href":"https:\/\/www.blog.neoprog.eu\/index.php\/wp-json\/wp\/v2\/types\/post"}],"author":[{"embeddable":true,"href":"https:\/\/www.blog.neoprog.eu\/index.php\/wp-json\/wp\/v2\/users\/1"}],"replies":[{"embeddable":true,"href":"https:\/\/www.blog.neoprog.eu\/index.php\/wp-json\/wp\/v2\/comments?post=7073"}],"version-history":[{"count":24,"href":"https:\/\/www.blog.neoprog.eu\/index.php\/wp-json\/wp\/v2\/posts\/7073\/revisions"}],"predecessor-version":[{"id":7111,"href":"https:\/\/www.blog.neoprog.eu\/index.php\/wp-json\/wp\/v2\/posts\/7073\/revisions\/7111"}],"wp:featuredmedia":[{"embeddable":true,"href":"https:\/\/www.blog.neoprog.eu\/index.php\/wp-json\/wp\/v2\/media\/7075"}],"wp:attachment":[{"href":"https:\/\/www.blog.neoprog.eu\/index.php\/wp-json\/wp\/v2\/media?parent=7073"}],"wp:term":[{"taxonomy":"category","embeddable":true,"href":"https:\/\/www.blog.neoprog.eu\/index.php\/wp-json\/wp\/v2\/categories?post=7073"},{"taxonomy":"post_tag","embeddable":true,"href":"https:\/\/www.blog.neoprog.eu\/index.php\/wp-json\/wp\/v2\/tags?post=7073"}],"curies":[{"name":"wp","href":"https:\/\/api.w.org\/{rel}","templated":true}]}}