{"id":8146,"date":"2022-06-10T08:00:00","date_gmt":"2022-06-10T06:00:00","guid":{"rendered":"http:\/\/www.blog.neoprog.eu\/?p=8146"},"modified":"2022-06-03T17:17:49","modified_gmt":"2022-06-03T15:17:49","slug":"les-derniers-jours-de-ptolemy-grey","status":"publish","type":"post","link":"https:\/\/www.blog.neoprog.eu\/index.php\/2022\/06\/10\/les-derniers-jours-de-ptolemy-grey\/","title":{"rendered":"Les derniers jours de Ptolemy Grey"},"content":{"rendered":"\n<figure class=\"wp-block-image size-large\"><img loading=\"lazy\" decoding=\"async\" width=\"1024\" height=\"538\" src=\"https:\/\/www.blog.neoprog.eu\/wp-content\/uploads\/2022\/05\/Apple_TV_The_Last_Days_of_Ptolemy_Grey_key_art_graphic_header_4_1_show_home.jpg.og_-1024x538.jpg\" alt=\"\" class=\"wp-image-8147\" srcset=\"https:\/\/www.blog.neoprog.eu\/wp-content\/uploads\/2022\/05\/Apple_TV_The_Last_Days_of_Ptolemy_Grey_key_art_graphic_header_4_1_show_home.jpg.og_-1024x538.jpg 1024w, https:\/\/www.blog.neoprog.eu\/wp-content\/uploads\/2022\/05\/Apple_TV_The_Last_Days_of_Ptolemy_Grey_key_art_graphic_header_4_1_show_home.jpg.og_-300x158.jpg 300w, https:\/\/www.blog.neoprog.eu\/wp-content\/uploads\/2022\/05\/Apple_TV_The_Last_Days_of_Ptolemy_Grey_key_art_graphic_header_4_1_show_home.jpg.og_-768x403.jpg 768w, https:\/\/www.blog.neoprog.eu\/wp-content\/uploads\/2022\/05\/Apple_TV_The_Last_Days_of_Ptolemy_Grey_key_art_graphic_header_4_1_show_home.jpg.og_-500x263.jpg 500w, https:\/\/www.blog.neoprog.eu\/wp-content\/uploads\/2022\/05\/Apple_TV_The_Last_Days_of_Ptolemy_Grey_key_art_graphic_header_4_1_show_home.jpg.og_.jpg 1200w\" sizes=\"auto, (max-width: 1024px) 100vw, 1024px\" \/><\/figure>\n\n\n\n<p>Cette s\u00e9rie Apple ne parle pas de la vie du savant grec Ptol\u00e9m\u00e9 mais d\u2019un vieux noir atteint par la maladie d\u2019Alzheimer.&nbsp;<\/p>\n\n\n\n<p>Samuel Lee Jackson incarne ce Ptolemy g\u00e2teux au cours de six \u00e9pisodes d\u2019une heure.&nbsp;<\/p>\n\n\n\n<p>Alors que Ptolemy croupit dans la crasse, se nourrissant de conserves de haricots froids dans le chaos de son appartement infest\u00e9 de cafards, un m\u00e9decin propose au vieil homme un traitement exp\u00e9rimental qui lui redonnera peut-\u00eatre la m\u00e9moire pour quelques semaines.<\/p>\n\n\n\n<p>Avec l\u2019aide de Robyn, une jeune fille proche de sa famille, Ptolemy va reprendre en main sa vie \u00e0 la d\u00e9rive, enqu\u00eater sur la mort de son petit neveu, la seule personne qui venait encore le voir, et retrouver le fil de ses souvenirs effac\u00e9s par la maladie.&nbsp;<\/p>\n\n\n\n<p>Ptolemy a une mission, mais il a oubli\u00e9 laquelle. Il poss\u00e8de un tr\u00e9sor mais ne sait plus lequel et l&rsquo;endroit o\u00f9 il l\u2019a cach\u00e9. Des souvenirs d\u2019enfance ressurgissent, le pr\u00e9sent et le pass\u00e9 se bousculent dans sa t\u00eate, des paroles qu\u2019ils avait oubli\u00e9, l\u2019amour de sa vie perdu \u00e0 jamais, les \u00e9conomies qu\u2019il cachait dans une valise en croco, les doublons d&rsquo;or sous le parquet.<\/p>\n\n\n\n<p>Samuel Lee Jackson joue l\u2019homme s\u00e9nile, le vieillard en sursis et le Ptolemy plus jeune avec brio. Une incroyable transformation physique et des changements de registres qui donnent toute la cr\u00e9dibilit\u00e9 \u00e0 cette histoire.<\/p>\n\n\n\n<p>M\u00eame si le regard pos\u00e9 sur la communaut\u00e9 noire et la famille de Ptolemy ne sont pas tendres, les personnages de la s\u00e9rie finissent par devenir attachants \u00e0 leur mani\u00e8re. A d\u00e9couvrir.<\/p>\n\n\n\n<figure class=\"wp-block-embed is-type-video is-provider-youtube wp-block-embed-youtube wp-embed-aspect-16-9 wp-has-aspect-ratio\"><div class=\"wp-block-embed__wrapper\">\n<iframe loading=\"lazy\" title=\"Les derniers jours de Ptolemy Grey \u2014 Bande-annonce officielle | Apple TV+\" width=\"584\" height=\"329\" src=\"https:\/\/www.youtube.com\/embed\/L55DVMsEFog?feature=oembed\" frameborder=\"0\" allow=\"accelerometer; autoplay; clipboard-write; encrypted-media; gyroscope; picture-in-picture; web-share\" referrerpolicy=\"strict-origin-when-cross-origin\" allowfullscreen><\/iframe>\n<\/div><\/figure>\n","protected":false},"excerpt":{"rendered":"<p>Cette s\u00e9rie Apple ne parle pas de la vie du savant grec Ptol\u00e9m\u00e9 mais d\u2019un vieux noir atteint par la maladie d\u2019Alzheimer.\u00a0 <a href=\"https:\/\/www.blog.neoprog.eu\/index.php\/2022\/06\/10\/les-derniers-jours-de-ptolemy-grey\/\">Continuer la lecture <span class=\"meta-nav\">&rarr;<\/span><\/a><\/p>\n","protected":false},"author":1,"featured_media":8147,"comment_status":"open","ping_status":"open","sticky":false,"template":"","format":"image","meta":{"footnotes":""},"categories":[1311,422],"tags":[2486,1714,2485,426,1236],"class_list":["post-8146","post","type-post","status-publish","format-image","has-post-thumbnail","hentry","category-apple","category-serie-tv","tag-alzheimer","tag-apple-tv","tag-samuel-lee-jackson","tag-serie-tv","tag-vieillesse","post_format-post-format-image"],"yoast_head":"<!-- This site is optimized with the Yoast SEO plugin v27.5 - https:\/\/yoast.com\/product\/yoast-seo-wordpress\/ -->\n<title>Les derniers jours de Ptolemy Grey - Le Blog du N\u00e9oprog<\/title>\n<meta name=\"description\" content=\"Cette s\u00e9rie Apple ne parle pas de la vie du savant grec Ptol\u00e9m\u00e9 mais d\u2019un vieux noir atteint par la maladie d\u2019Alzheimer.\u00a0\" \/>\n<meta name=\"robots\" content=\"index, follow, max-snippet:-1, max-image-preview:large, max-video-preview:-1\" \/>\n<link rel=\"canonical\" href=\"https:\/\/www.blog.neoprog.eu\/index.php\/2022\/06\/10\/les-derniers-jours-de-ptolemy-grey\/\" \/>\n<meta property=\"og:locale\" content=\"fr_FR\" \/>\n<meta property=\"og:type\" content=\"article\" \/>\n<meta property=\"og:title\" content=\"Les derniers jours de Ptolemy Grey - Le Blog du N\u00e9oprog\" \/>\n<meta property=\"og:description\" content=\"Cette s\u00e9rie Apple ne parle pas de la vie du savant grec Ptol\u00e9m\u00e9 mais d\u2019un vieux noir atteint par la maladie d\u2019Alzheimer.\u00a0\" \/>\n<meta property=\"og:url\" content=\"https:\/\/www.blog.neoprog.eu\/index.php\/2022\/06\/10\/les-derniers-jours-de-ptolemy-grey\/\" \/>\n<meta property=\"og:site_name\" content=\"Le Blog du N\u00e9oprog\" \/>\n<meta property=\"article:published_time\" content=\"2022-06-10T06:00:00+00:00\" \/>\n<meta property=\"og:image\" content=\"https:\/\/www.blog.neoprog.eu\/wp-content\/uploads\/2022\/05\/Apple_TV_The_Last_Days_of_Ptolemy_Grey_key_art_graphic_header_4_1_show_home.jpg.og_.jpg\" \/>\n\t<meta property=\"og:image:width\" content=\"1200\" \/>\n\t<meta property=\"og:image:height\" content=\"630\" \/>\n\t<meta property=\"og:image:type\" content=\"image\/jpeg\" \/>\n<meta name=\"author\" content=\"Neoprog\" \/>\n<meta name=\"twitter:card\" content=\"summary_large_image\" \/>\n<meta name=\"twitter:creator\" content=\"@Le_Brun_JC\" \/>\n<meta name=\"twitter:site\" content=\"@Le_Brun_JC\" \/>\n<meta name=\"twitter:label1\" content=\"\u00c9crit par\" \/>\n\t<meta name=\"twitter:data1\" content=\"Neoprog\" \/>\n\t<meta name=\"twitter:label2\" content=\"Dur\u00e9e de lecture estim\u00e9e\" \/>\n\t<meta name=\"twitter:data2\" content=\"2 minutes\" \/>\n<script type=\"application\/ld+json\" class=\"yoast-schema-graph\">{\"@context\":\"https:\\\/\\\/schema.org\",\"@graph\":[{\"@type\":\"Article\",\"@id\":\"https:\\\/\\\/www.blog.neoprog.eu\\\/index.php\\\/2022\\\/06\\\/10\\\/les-derniers-jours-de-ptolemy-grey\\\/#article\",\"isPartOf\":{\"@id\":\"https:\\\/\\\/www.blog.neoprog.eu\\\/index.php\\\/2022\\\/06\\\/10\\\/les-derniers-jours-de-ptolemy-grey\\\/\"},\"author\":{\"name\":\"Neoprog\",\"@id\":\"https:\\\/\\\/www.blog.neoprog.eu\\\/#\\\/schema\\\/person\\\/47c594bf12736b172b772f0f02bcf511\"},\"headline\":\"Les derniers jours de Ptolemy Grey\",\"datePublished\":\"2022-06-10T06:00:00+00:00\",\"mainEntityOfPage\":{\"@id\":\"https:\\\/\\\/www.blog.neoprog.eu\\\/index.php\\\/2022\\\/06\\\/10\\\/les-derniers-jours-de-ptolemy-grey\\\/\"},\"wordCount\":296,\"commentCount\":0,\"publisher\":{\"@id\":\"https:\\\/\\\/www.blog.neoprog.eu\\\/#\\\/schema\\\/person\\\/47c594bf12736b172b772f0f02bcf511\"},\"image\":{\"@id\":\"https:\\\/\\\/www.blog.neoprog.eu\\\/index.php\\\/2022\\\/06\\\/10\\\/les-derniers-jours-de-ptolemy-grey\\\/#primaryimage\"},\"thumbnailUrl\":\"https:\\\/\\\/www.blog.neoprog.eu\\\/wp-content\\\/uploads\\\/2022\\\/05\\\/Apple_TV_The_Last_Days_of_Ptolemy_Grey_key_art_graphic_header_4_1_show_home.jpg.og_.jpg\",\"keywords\":[\"alzheimer\",\"Apple TV\",\"Samuel Lee Jackson\",\"S\u00e9rie TV\",\"vieillesse\"],\"articleSection\":[\"Apple\",\"S\u00e9ries TV\"],\"inLanguage\":\"fr-FR\",\"potentialAction\":[{\"@type\":\"CommentAction\",\"name\":\"Comment\",\"target\":[\"https:\\\/\\\/www.blog.neoprog.eu\\\/index.php\\\/2022\\\/06\\\/10\\\/les-derniers-jours-de-ptolemy-grey\\\/#respond\"]}]},{\"@type\":\"WebPage\",\"@id\":\"https:\\\/\\\/www.blog.neoprog.eu\\\/index.php\\\/2022\\\/06\\\/10\\\/les-derniers-jours-de-ptolemy-grey\\\/\",\"url\":\"https:\\\/\\\/www.blog.neoprog.eu\\\/index.php\\\/2022\\\/06\\\/10\\\/les-derniers-jours-de-ptolemy-grey\\\/\",\"name\":\"Les derniers jours de Ptolemy Grey - Le Blog du N\u00e9oprog\",\"isPartOf\":{\"@id\":\"https:\\\/\\\/www.blog.neoprog.eu\\\/#website\"},\"primaryImageOfPage\":{\"@id\":\"https:\\\/\\\/www.blog.neoprog.eu\\\/index.php\\\/2022\\\/06\\\/10\\\/les-derniers-jours-de-ptolemy-grey\\\/#primaryimage\"},\"image\":{\"@id\":\"https:\\\/\\\/www.blog.neoprog.eu\\\/index.php\\\/2022\\\/06\\\/10\\\/les-derniers-jours-de-ptolemy-grey\\\/#primaryimage\"},\"thumbnailUrl\":\"https:\\\/\\\/www.blog.neoprog.eu\\\/wp-content\\\/uploads\\\/2022\\\/05\\\/Apple_TV_The_Last_Days_of_Ptolemy_Grey_key_art_graphic_header_4_1_show_home.jpg.og_.jpg\",\"datePublished\":\"2022-06-10T06:00:00+00:00\",\"description\":\"Cette s\u00e9rie Apple ne parle pas de la vie du savant grec Ptol\u00e9m\u00e9 mais d\u2019un vieux noir atteint par la maladie d\u2019Alzheimer.\u00a0\",\"breadcrumb\":{\"@id\":\"https:\\\/\\\/www.blog.neoprog.eu\\\/index.php\\\/2022\\\/06\\\/10\\\/les-derniers-jours-de-ptolemy-grey\\\/#breadcrumb\"},\"inLanguage\":\"fr-FR\",\"potentialAction\":[{\"@type\":\"ReadAction\",\"target\":[\"https:\\\/\\\/www.blog.neoprog.eu\\\/index.php\\\/2022\\\/06\\\/10\\\/les-derniers-jours-de-ptolemy-grey\\\/\"]}]},{\"@type\":\"ImageObject\",\"inLanguage\":\"fr-FR\",\"@id\":\"https:\\\/\\\/www.blog.neoprog.eu\\\/index.php\\\/2022\\\/06\\\/10\\\/les-derniers-jours-de-ptolemy-grey\\\/#primaryimage\",\"url\":\"https:\\\/\\\/www.blog.neoprog.eu\\\/wp-content\\\/uploads\\\/2022\\\/05\\\/Apple_TV_The_Last_Days_of_Ptolemy_Grey_key_art_graphic_header_4_1_show_home.jpg.og_.jpg\",\"contentUrl\":\"https:\\\/\\\/www.blog.neoprog.eu\\\/wp-content\\\/uploads\\\/2022\\\/05\\\/Apple_TV_The_Last_Days_of_Ptolemy_Grey_key_art_graphic_header_4_1_show_home.jpg.og_.jpg\",\"width\":1200,\"height\":630},{\"@type\":\"BreadcrumbList\",\"@id\":\"https:\\\/\\\/www.blog.neoprog.eu\\\/index.php\\\/2022\\\/06\\\/10\\\/les-derniers-jours-de-ptolemy-grey\\\/#breadcrumb\",\"itemListElement\":[{\"@type\":\"ListItem\",\"position\":1,\"name\":\"Home\",\"item\":\"https:\\\/\\\/www.blog.neoprog.eu\\\/\"},{\"@type\":\"ListItem\",\"position\":2,\"name\":\"Les derniers jours de Ptolemy Grey\"}]},{\"@type\":\"WebSite\",\"@id\":\"https:\\\/\\\/www.blog.neoprog.eu\\\/#website\",\"url\":\"https:\\\/\\\/www.blog.neoprog.eu\\\/\",\"name\":\"Le Blog du N\u00e9oprog\",\"description\":\"\",\"publisher\":{\"@id\":\"https:\\\/\\\/www.blog.neoprog.eu\\\/#\\\/schema\\\/person\\\/47c594bf12736b172b772f0f02bcf511\"},\"potentialAction\":[{\"@type\":\"SearchAction\",\"target\":{\"@type\":\"EntryPoint\",\"urlTemplate\":\"https:\\\/\\\/www.blog.neoprog.eu\\\/?s={search_term_string}\"},\"query-input\":{\"@type\":\"PropertyValueSpecification\",\"valueRequired\":true,\"valueName\":\"search_term_string\"}}],\"inLanguage\":\"fr-FR\"},{\"@type\":[\"Person\",\"Organization\"],\"@id\":\"https:\\\/\\\/www.blog.neoprog.eu\\\/#\\\/schema\\\/person\\\/47c594bf12736b172b772f0f02bcf511\",\"name\":\"Neoprog\",\"image\":{\"@type\":\"ImageObject\",\"inLanguage\":\"fr-FR\",\"@id\":\"https:\\\/\\\/www.blog.neoprog.eu\\\/wp-content\\\/uploads\\\/2022\\\/09\\\/autoportrait-2.jpg\",\"url\":\"https:\\\/\\\/www.blog.neoprog.eu\\\/wp-content\\\/uploads\\\/2022\\\/09\\\/autoportrait-2.jpg\",\"contentUrl\":\"https:\\\/\\\/www.blog.neoprog.eu\\\/wp-content\\\/uploads\\\/2022\\\/09\\\/autoportrait-2.jpg\",\"width\":1024,\"height\":681,\"caption\":\"Neoprog\"},\"logo\":{\"@id\":\"https:\\\/\\\/www.blog.neoprog.eu\\\/wp-content\\\/uploads\\\/2022\\\/09\\\/autoportrait-2.jpg\"}}]}<\/script>\n<!-- \/ Yoast SEO plugin. -->","yoast_head_json":{"title":"Les derniers jours de Ptolemy Grey - Le Blog du N\u00e9oprog","description":"Cette s\u00e9rie Apple ne parle pas de la vie du savant grec Ptol\u00e9m\u00e9 mais d\u2019un vieux noir atteint par la maladie d\u2019Alzheimer.\u00a0","robots":{"index":"index","follow":"follow","max-snippet":"max-snippet:-1","max-image-preview":"max-image-preview:large","max-video-preview":"max-video-preview:-1"},"canonical":"https:\/\/www.blog.neoprog.eu\/index.php\/2022\/06\/10\/les-derniers-jours-de-ptolemy-grey\/","og_locale":"fr_FR","og_type":"article","og_title":"Les derniers jours de Ptolemy Grey - Le Blog du N\u00e9oprog","og_description":"Cette s\u00e9rie Apple ne parle pas de la vie du savant grec Ptol\u00e9m\u00e9 mais d\u2019un vieux noir atteint par la maladie d\u2019Alzheimer.\u00a0","og_url":"https:\/\/www.blog.neoprog.eu\/index.php\/2022\/06\/10\/les-derniers-jours-de-ptolemy-grey\/","og_site_name":"Le Blog du N\u00e9oprog","article_published_time":"2022-06-10T06:00:00+00:00","og_image":[{"width":1200,"height":630,"url":"https:\/\/www.blog.neoprog.eu\/wp-content\/uploads\/2022\/05\/Apple_TV_The_Last_Days_of_Ptolemy_Grey_key_art_graphic_header_4_1_show_home.jpg.og_.jpg","type":"image\/jpeg"}],"author":"Neoprog","twitter_card":"summary_large_image","twitter_creator":"@Le_Brun_JC","twitter_site":"@Le_Brun_JC","twitter_misc":{"\u00c9crit par":"Neoprog","Dur\u00e9e de lecture estim\u00e9e":"2 minutes"},"schema":{"@context":"https:\/\/schema.org","@graph":[{"@type":"Article","@id":"https:\/\/www.blog.neoprog.eu\/index.php\/2022\/06\/10\/les-derniers-jours-de-ptolemy-grey\/#article","isPartOf":{"@id":"https:\/\/www.blog.neoprog.eu\/index.php\/2022\/06\/10\/les-derniers-jours-de-ptolemy-grey\/"},"author":{"name":"Neoprog","@id":"https:\/\/www.blog.neoprog.eu\/#\/schema\/person\/47c594bf12736b172b772f0f02bcf511"},"headline":"Les derniers jours de Ptolemy Grey","datePublished":"2022-06-10T06:00:00+00:00","mainEntityOfPage":{"@id":"https:\/\/www.blog.neoprog.eu\/index.php\/2022\/06\/10\/les-derniers-jours-de-ptolemy-grey\/"},"wordCount":296,"commentCount":0,"publisher":{"@id":"https:\/\/www.blog.neoprog.eu\/#\/schema\/person\/47c594bf12736b172b772f0f02bcf511"},"image":{"@id":"https:\/\/www.blog.neoprog.eu\/index.php\/2022\/06\/10\/les-derniers-jours-de-ptolemy-grey\/#primaryimage"},"thumbnailUrl":"https:\/\/www.blog.neoprog.eu\/wp-content\/uploads\/2022\/05\/Apple_TV_The_Last_Days_of_Ptolemy_Grey_key_art_graphic_header_4_1_show_home.jpg.og_.jpg","keywords":["alzheimer","Apple TV","Samuel Lee Jackson","S\u00e9rie TV","vieillesse"],"articleSection":["Apple","S\u00e9ries TV"],"inLanguage":"fr-FR","potentialAction":[{"@type":"CommentAction","name":"Comment","target":["https:\/\/www.blog.neoprog.eu\/index.php\/2022\/06\/10\/les-derniers-jours-de-ptolemy-grey\/#respond"]}]},{"@type":"WebPage","@id":"https:\/\/www.blog.neoprog.eu\/index.php\/2022\/06\/10\/les-derniers-jours-de-ptolemy-grey\/","url":"https:\/\/www.blog.neoprog.eu\/index.php\/2022\/06\/10\/les-derniers-jours-de-ptolemy-grey\/","name":"Les derniers jours de Ptolemy Grey - Le Blog du N\u00e9oprog","isPartOf":{"@id":"https:\/\/www.blog.neoprog.eu\/#website"},"primaryImageOfPage":{"@id":"https:\/\/www.blog.neoprog.eu\/index.php\/2022\/06\/10\/les-derniers-jours-de-ptolemy-grey\/#primaryimage"},"image":{"@id":"https:\/\/www.blog.neoprog.eu\/index.php\/2022\/06\/10\/les-derniers-jours-de-ptolemy-grey\/#primaryimage"},"thumbnailUrl":"https:\/\/www.blog.neoprog.eu\/wp-content\/uploads\/2022\/05\/Apple_TV_The_Last_Days_of_Ptolemy_Grey_key_art_graphic_header_4_1_show_home.jpg.og_.jpg","datePublished":"2022-06-10T06:00:00+00:00","description":"Cette s\u00e9rie Apple ne parle pas de la vie du savant grec Ptol\u00e9m\u00e9 mais d\u2019un vieux noir atteint par la maladie d\u2019Alzheimer.\u00a0","breadcrumb":{"@id":"https:\/\/www.blog.neoprog.eu\/index.php\/2022\/06\/10\/les-derniers-jours-de-ptolemy-grey\/#breadcrumb"},"inLanguage":"fr-FR","potentialAction":[{"@type":"ReadAction","target":["https:\/\/www.blog.neoprog.eu\/index.php\/2022\/06\/10\/les-derniers-jours-de-ptolemy-grey\/"]}]},{"@type":"ImageObject","inLanguage":"fr-FR","@id":"https:\/\/www.blog.neoprog.eu\/index.php\/2022\/06\/10\/les-derniers-jours-de-ptolemy-grey\/#primaryimage","url":"https:\/\/www.blog.neoprog.eu\/wp-content\/uploads\/2022\/05\/Apple_TV_The_Last_Days_of_Ptolemy_Grey_key_art_graphic_header_4_1_show_home.jpg.og_.jpg","contentUrl":"https:\/\/www.blog.neoprog.eu\/wp-content\/uploads\/2022\/05\/Apple_TV_The_Last_Days_of_Ptolemy_Grey_key_art_graphic_header_4_1_show_home.jpg.og_.jpg","width":1200,"height":630},{"@type":"BreadcrumbList","@id":"https:\/\/www.blog.neoprog.eu\/index.php\/2022\/06\/10\/les-derniers-jours-de-ptolemy-grey\/#breadcrumb","itemListElement":[{"@type":"ListItem","position":1,"name":"Home","item":"https:\/\/www.blog.neoprog.eu\/"},{"@type":"ListItem","position":2,"name":"Les derniers jours de Ptolemy Grey"}]},{"@type":"WebSite","@id":"https:\/\/www.blog.neoprog.eu\/#website","url":"https:\/\/www.blog.neoprog.eu\/","name":"Le Blog du N\u00e9oprog","description":"","publisher":{"@id":"https:\/\/www.blog.neoprog.eu\/#\/schema\/person\/47c594bf12736b172b772f0f02bcf511"},"potentialAction":[{"@type":"SearchAction","target":{"@type":"EntryPoint","urlTemplate":"https:\/\/www.blog.neoprog.eu\/?s={search_term_string}"},"query-input":{"@type":"PropertyValueSpecification","valueRequired":true,"valueName":"search_term_string"}}],"inLanguage":"fr-FR"},{"@type":["Person","Organization"],"@id":"https:\/\/www.blog.neoprog.eu\/#\/schema\/person\/47c594bf12736b172b772f0f02bcf511","name":"Neoprog","image":{"@type":"ImageObject","inLanguage":"fr-FR","@id":"https:\/\/www.blog.neoprog.eu\/wp-content\/uploads\/2022\/09\/autoportrait-2.jpg","url":"https:\/\/www.blog.neoprog.eu\/wp-content\/uploads\/2022\/09\/autoportrait-2.jpg","contentUrl":"https:\/\/www.blog.neoprog.eu\/wp-content\/uploads\/2022\/09\/autoportrait-2.jpg","width":1024,"height":681,"caption":"Neoprog"},"logo":{"@id":"https:\/\/www.blog.neoprog.eu\/wp-content\/uploads\/2022\/09\/autoportrait-2.jpg"}}]}},"_links":{"self":[{"href":"https:\/\/www.blog.neoprog.eu\/index.php\/wp-json\/wp\/v2\/posts\/8146","targetHints":{"allow":["GET"]}}],"collection":[{"href":"https:\/\/www.blog.neoprog.eu\/index.php\/wp-json\/wp\/v2\/posts"}],"about":[{"href":"https:\/\/www.blog.neoprog.eu\/index.php\/wp-json\/wp\/v2\/types\/post"}],"author":[{"embeddable":true,"href":"https:\/\/www.blog.neoprog.eu\/index.php\/wp-json\/wp\/v2\/users\/1"}],"replies":[{"embeddable":true,"href":"https:\/\/www.blog.neoprog.eu\/index.php\/wp-json\/wp\/v2\/comments?post=8146"}],"version-history":[{"count":1,"href":"https:\/\/www.blog.neoprog.eu\/index.php\/wp-json\/wp\/v2\/posts\/8146\/revisions"}],"predecessor-version":[{"id":8148,"href":"https:\/\/www.blog.neoprog.eu\/index.php\/wp-json\/wp\/v2\/posts\/8146\/revisions\/8148"}],"wp:featuredmedia":[{"embeddable":true,"href":"https:\/\/www.blog.neoprog.eu\/index.php\/wp-json\/wp\/v2\/media\/8147"}],"wp:attachment":[{"href":"https:\/\/www.blog.neoprog.eu\/index.php\/wp-json\/wp\/v2\/media?parent=8146"}],"wp:term":[{"taxonomy":"category","embeddable":true,"href":"https:\/\/www.blog.neoprog.eu\/index.php\/wp-json\/wp\/v2\/categories?post=8146"},{"taxonomy":"post_tag","embeddable":true,"href":"https:\/\/www.blog.neoprog.eu\/index.php\/wp-json\/wp\/v2\/tags?post=8146"}],"curies":[{"name":"wp","href":"https:\/\/api.w.org\/{rel}","templated":true}]}}