{"id":8917,"date":"2023-03-10T08:00:00","date_gmt":"2023-03-10T07:00:00","guid":{"rendered":"http:\/\/www.blog.neoprog.eu\/?p=8917"},"modified":"2023-03-09T11:01:04","modified_gmt":"2023-03-09T10:01:04","slug":"la-saison-des-beignets","status":"publish","type":"post","link":"https:\/\/www.blog.neoprog.eu\/index.php\/2023\/03\/10\/la-saison-des-beignets\/","title":{"rendered":"La saison des beignets"},"content":{"rendered":"\n<figure class=\"wp-block-image size-large\"><img loading=\"lazy\" decoding=\"async\" width=\"1024\" height=\"681\" src=\"https:\/\/www.blog.neoprog.eu\/wp-content\/uploads\/2023\/03\/Treizieme-Carnaval-de-Rosheim-5-1024x681.jpg\" alt=\"\" class=\"wp-image-8918\" srcset=\"https:\/\/www.blog.neoprog.eu\/wp-content\/uploads\/2023\/03\/Treizieme-Carnaval-de-Rosheim-5-1024x681.jpg 1024w, https:\/\/www.blog.neoprog.eu\/wp-content\/uploads\/2023\/03\/Treizieme-Carnaval-de-Rosheim-5-300x200.jpg 300w, https:\/\/www.blog.neoprog.eu\/wp-content\/uploads\/2023\/03\/Treizieme-Carnaval-de-Rosheim-5-768x511.jpg 768w, https:\/\/www.blog.neoprog.eu\/wp-content\/uploads\/2023\/03\/Treizieme-Carnaval-de-Rosheim-5-1536x1022.jpg 1536w, https:\/\/www.blog.neoprog.eu\/wp-content\/uploads\/2023\/03\/Treizieme-Carnaval-de-Rosheim-5-451x300.jpg 451w, https:\/\/www.blog.neoprog.eu\/wp-content\/uploads\/2023\/03\/Treizieme-Carnaval-de-Rosheim-5.jpg 1539w\" sizes=\"auto, (max-width: 1024px) 100vw, 1024px\" \/><\/figure>\n\n\n\n<p>J\u2019adore les beignets, tout particuli\u00e8rement ceux fourr\u00e9s \u00e0 la confiture de framboise. En Alsace c\u2019est une institution comme tout ce qui touche \u00e0 la bouffe. La saison des beignets correspond \u00e0 mon anniversaire ainsi qu\u2019\u00e0 la p\u00e9riode du carnaval.&nbsp;<\/p>\n\n\n\n<p>Chaque ann\u00e9e, j\u2019apporte un assortiment de ces d\u00e9lices gras et sucr\u00e9s, parfum\u00e9s \u00e0 la cannelle, au chocolat, \u00e0 la cr\u00e8me, \u00e0 la framboise et natures \u00e0 mes coll\u00e8gues pour leur signifier qu\u2019ils devront passer une ann\u00e9e de plus en ma compagnie, c\u2019est la tradition.<\/p>\n\n\n\n<p>L\u2019autre tradition, c\u2019est de me rendre <a href=\"https:\/\/www.blog.neoprog.eu\/index.php\/2019\/03\/05\/carnaval\/\">au carnaval v\u00e9nitien de Rosheim<\/a>, une petite ville non loin de chez moi. Un carnaval en costumes dans une ville alsacienne fortifi\u00e9e o\u00f9 d\u00e9filent chaque ann\u00e9e pas moins d\u2019une centaine de personnages color\u00e9s. Une aubaine pour tout photographe qui d\u00e9sirent se faire plaisir. Et au carnaval de Rosheim, il y a bien entendu des beignets.<\/p>\n\n\n\n<figure class=\"wp-block-image size-large\"><img loading=\"lazy\" decoding=\"async\" width=\"1024\" height=\"681\" src=\"https:\/\/www.blog.neoprog.eu\/wp-content\/uploads\/2023\/03\/Treizieme-Carnaval-de-Rosheim-1-1024x681.jpg\" alt=\"\" class=\"wp-image-8919\" srcset=\"https:\/\/www.blog.neoprog.eu\/wp-content\/uploads\/2023\/03\/Treizieme-Carnaval-de-Rosheim-1-1024x681.jpg 1024w, https:\/\/www.blog.neoprog.eu\/wp-content\/uploads\/2023\/03\/Treizieme-Carnaval-de-Rosheim-1-300x200.jpg 300w, https:\/\/www.blog.neoprog.eu\/wp-content\/uploads\/2023\/03\/Treizieme-Carnaval-de-Rosheim-1-768x511.jpg 768w, https:\/\/www.blog.neoprog.eu\/wp-content\/uploads\/2023\/03\/Treizieme-Carnaval-de-Rosheim-1-1536x1022.jpg 1536w, https:\/\/www.blog.neoprog.eu\/wp-content\/uploads\/2023\/03\/Treizieme-Carnaval-de-Rosheim-1-451x300.jpg 451w, https:\/\/www.blog.neoprog.eu\/wp-content\/uploads\/2023\/03\/Treizieme-Carnaval-de-Rosheim-1.jpg 1539w\" sizes=\"auto, (max-width: 1024px) 100vw, 1024px\" \/><\/figure>\n\n\n\n<p>Je suis parti charg\u00e9 d\u2019un bo\u00eetier et de deux objectifs pour couvrir toutes les situations. Du coup, difficile de manger des beignets malgr\u00e9 leur odeur app\u00e9tissante, alors j\u2019ai photographi\u00e9.<\/p>\n\n\n\n<p>L\u2019\u00e9v\u00e9nement se d\u00e9roule dans une rue droite entre deux des portes de la ville ainsi que sur le parvis de l\u2019\u00e9glise qui borde la rue en question. Les personnages costum\u00e9s descendent la rue, s\u2019arr\u00eatant pour poser pour les photographes et arrivent au niveau de l\u2019\u00e9glise romane o\u00f9 ils montent quelques marches avant de se faire d\u00e9vorer par les objectifs.\u00a0<\/p>\n\n\n\n<p>Car je n\u2019\u00e9tais pas seul \u00e0 frimer avec mes gros machins. Ils y avait probablement plus de photographes que de personnes costum\u00e9es. Le club photo d\u2019Illkirch \u00e9tait au rendez-vous et j\u2019ai retrouv\u00e9 quelques connaissances. \u00c7a m\u2019a d\u2019ailleurs donn\u00e9 envie de rejoindre leur confr\u00e9rie, j\u2019y songeais d\u00e9j\u00e0 depuis un moment.&nbsp;<\/p>\n\n\n\n<figure class=\"wp-block-image size-large\"><img loading=\"lazy\" decoding=\"async\" width=\"1024\" height=\"681\" src=\"https:\/\/www.blog.neoprog.eu\/wp-content\/uploads\/2023\/03\/Treizieme-Carnaval-de-Rosheim-2-1024x681.jpg\" alt=\"\" class=\"wp-image-8920\" srcset=\"https:\/\/www.blog.neoprog.eu\/wp-content\/uploads\/2023\/03\/Treizieme-Carnaval-de-Rosheim-2-1024x681.jpg 1024w, https:\/\/www.blog.neoprog.eu\/wp-content\/uploads\/2023\/03\/Treizieme-Carnaval-de-Rosheim-2-300x200.jpg 300w, https:\/\/www.blog.neoprog.eu\/wp-content\/uploads\/2023\/03\/Treizieme-Carnaval-de-Rosheim-2-768x511.jpg 768w, https:\/\/www.blog.neoprog.eu\/wp-content\/uploads\/2023\/03\/Treizieme-Carnaval-de-Rosheim-2-1536x1022.jpg 1536w, https:\/\/www.blog.neoprog.eu\/wp-content\/uploads\/2023\/03\/Treizieme-Carnaval-de-Rosheim-2-451x300.jpg 451w, https:\/\/www.blog.neoprog.eu\/wp-content\/uploads\/2023\/03\/Treizieme-Carnaval-de-Rosheim-2.jpg 1539w\" sizes=\"auto, (max-width: 1024px) 100vw, 1024px\" \/><\/figure>\n\n\n\n<p>En plus des personnes arm\u00e9es de bo\u00eetiers reflex et hybrides \u00e0 grosse optique, il y avait pl\u00e9thore de t\u00e9l\u00e9phones portables et tablettes braqu\u00e9es vers les personnages. Trop sans doute, car entre la focale 200 mm des grosses optiques et les 28 mm des smartphones, il y avait clairement des conflits de trajectoires. Les porteurs t\u00e9l\u00e9phones \u00e9clipsaient souvent le champ des photographes.<\/p>\n\n\n\n<p>Pour un amateur de portraits, le carnaval est une exp\u00e9rience inoubliable. En effet les personnes costum\u00e9es, cach\u00e9es derri\u00e8re leur masque, ne demandent qu\u2019\u00e0 \u00eatre photographi\u00e9s. Elles se pr\u00eatent volontiers au jeu, posent, jouent avec l\u2019objectif, acceptent de se placer \u00e0 tel ou tel endroit pour un clich\u00e9, bref c\u2019est magique, surtout pour moi qui suis particuli\u00e8rement coinc\u00e9 lorsqu\u2019il s\u2019agit d\u2019aborder quelqu\u2019un pour lui tirer le portrait.<\/p>\n\n\n\n<figure class=\"wp-block-image size-large\"><img loading=\"lazy\" decoding=\"async\" width=\"1024\" height=\"681\" src=\"https:\/\/www.blog.neoprog.eu\/wp-content\/uploads\/2023\/03\/Treizieme-Carnaval-de-Rosheim-3-1024x681.jpg\" alt=\"\" class=\"wp-image-8921\" srcset=\"https:\/\/www.blog.neoprog.eu\/wp-content\/uploads\/2023\/03\/Treizieme-Carnaval-de-Rosheim-3-1024x681.jpg 1024w, https:\/\/www.blog.neoprog.eu\/wp-content\/uploads\/2023\/03\/Treizieme-Carnaval-de-Rosheim-3-300x200.jpg 300w, https:\/\/www.blog.neoprog.eu\/wp-content\/uploads\/2023\/03\/Treizieme-Carnaval-de-Rosheim-3-768x511.jpg 768w, https:\/\/www.blog.neoprog.eu\/wp-content\/uploads\/2023\/03\/Treizieme-Carnaval-de-Rosheim-3-1536x1022.jpg 1536w, https:\/\/www.blog.neoprog.eu\/wp-content\/uploads\/2023\/03\/Treizieme-Carnaval-de-Rosheim-3-451x300.jpg 451w, https:\/\/www.blog.neoprog.eu\/wp-content\/uploads\/2023\/03\/Treizieme-Carnaval-de-Rosheim-3.jpg 1539w\" sizes=\"auto, (max-width: 1024px) 100vw, 1024px\" \/><\/figure>\n\n\n\n<p>Au milieu des carnavaliers, d\u00e9ambulait un gros beignet costum\u00e9 arm\u00e9 d\u2019un micro, qui toute la journ\u00e9e, n\u2019a cess\u00e9 de nous faire comprendre, de mani\u00e8re grivoise, qu\u2019il \u00e9tait impossible de savoir \u00e0 quel sexe appartenait la personne cach\u00e9e derri\u00e8re le masque, puisqu\u2019ils ne parlent pas. Le bonhomme en a fait son chou gras tout l\u2019apr\u00e8s-midi, tentant d\u2019animer, fa\u00e7on foire \u00e0 bestiaux, un magnifique d\u00e9fil\u00e9 de costumes chamarr\u00e9s. Je lui aurais volontiers coinc\u00e9 un beignet \u00e0 la cr\u00e8me dans le bec histoire de le faire taire quelques minutes.<\/p>\n\n\n\n<p>Je comprends mieux mon camarade St\u00e9phane Gallay qui accompagne sa douce et tendre aux conventions de cosplay. Les personnes costum\u00e9es se livrent tr\u00e8s facilement \u00e0 l\u2019objectif alors que dans la vraie vie elles vous collerait un proc\u00e8s. Et les v\u00eatements chamarr\u00e9s, cr\u00e9ations uniques et \u00e9ph\u00e9m\u00e8res, travail souvent de toute une ann\u00e9e, sont des merveilles de d\u00e9tails, tulles, paillettes, plumes et voilages qui ne demandent qu\u2019\u00e0 \u00eatre captur\u00e9s par le photographe.\u00a0<\/p>\n\n\n\n<figure class=\"wp-block-image size-large\"><img loading=\"lazy\" decoding=\"async\" width=\"1024\" height=\"681\" src=\"https:\/\/www.blog.neoprog.eu\/wp-content\/uploads\/2023\/03\/Treizieme-Carnaval-de-Rosheim-4-1024x681.jpg\" alt=\"\" class=\"wp-image-8922\" srcset=\"https:\/\/www.blog.neoprog.eu\/wp-content\/uploads\/2023\/03\/Treizieme-Carnaval-de-Rosheim-4-1024x681.jpg 1024w, https:\/\/www.blog.neoprog.eu\/wp-content\/uploads\/2023\/03\/Treizieme-Carnaval-de-Rosheim-4-300x200.jpg 300w, https:\/\/www.blog.neoprog.eu\/wp-content\/uploads\/2023\/03\/Treizieme-Carnaval-de-Rosheim-4-768x511.jpg 768w, https:\/\/www.blog.neoprog.eu\/wp-content\/uploads\/2023\/03\/Treizieme-Carnaval-de-Rosheim-4-1536x1022.jpg 1536w, https:\/\/www.blog.neoprog.eu\/wp-content\/uploads\/2023\/03\/Treizieme-Carnaval-de-Rosheim-4-451x300.jpg 451w, https:\/\/www.blog.neoprog.eu\/wp-content\/uploads\/2023\/03\/Treizieme-Carnaval-de-Rosheim-4.jpg 1539w\" sizes=\"auto, (max-width: 1024px) 100vw, 1024px\" \/><\/figure>\n\n\n\n<p>Cette ann\u00e9e je repars avec \u00ab\u00a0seulement\u00a0\u00bb une centaine de photos (en tant que militant \u00e9co responsable j\u2019\u00e9conomise la batterie), reste maintenant un long et laborieux de travail de s\u00e9lection et de retouche pour retrouver la f\u00e9\u00e9rie de ce treizi\u00e8me carnaval de Rosheim sur mes clich\u00e9s.<\/p>\n\n\n\n<p>Toutes les photographies sont sur <a href=\"https:\/\/flic.kr\/s\/aHBqjAuxjp\">mon compte Flickr<\/a>.<\/p>\n","protected":false},"excerpt":{"rendered":"<p>J\u2019adore les beignets, tout particuli\u00e8rement ceux fourr\u00e9s \u00e0 la confiture de framboise.  <a href=\"https:\/\/www.blog.neoprog.eu\/index.php\/2023\/03\/10\/la-saison-des-beignets\/\">Continuer la lecture <span class=\"meta-nav\">&rarr;<\/span><\/a><\/p>\n","protected":false},"author":1,"featured_media":8918,"comment_status":"open","ping_status":"open","sticky":false,"template":"","format":"image","meta":{"footnotes":""},"categories":[7],"tags":[1233,1241,1244,875,1242],"class_list":["post-8917","post","type-post","status-publish","format-image","has-post-thumbnail","hentry","category-photo","tag-beignets","tag-carnaval","tag-costumes","tag-photographie","tag-rosheim","post_format-post-format-image"],"yoast_head":"<!-- This site is optimized with the Yoast SEO plugin v27.4 - https:\/\/yoast.com\/product\/yoast-seo-wordpress\/ -->\n<title>La saison des beignets - Le Blog du N\u00e9oprog<\/title>\n<meta name=\"description\" content=\"Le treizi\u00e8me carnaval v\u00e9nitien dans la ville fortifi\u00e9e de Rosheim\" \/>\n<meta name=\"robots\" content=\"index, follow, max-snippet:-1, max-image-preview:large, max-video-preview:-1\" \/>\n<link rel=\"canonical\" href=\"https:\/\/www.blog.neoprog.eu\/index.php\/2023\/03\/10\/la-saison-des-beignets\/\" \/>\n<meta property=\"og:locale\" content=\"fr_FR\" \/>\n<meta property=\"og:type\" content=\"article\" \/>\n<meta property=\"og:title\" content=\"La saison des beignets - Le Blog du N\u00e9oprog\" \/>\n<meta property=\"og:description\" content=\"Le treizi\u00e8me carnaval v\u00e9nitien dans la ville fortifi\u00e9e de Rosheim\" \/>\n<meta property=\"og:url\" content=\"https:\/\/www.blog.neoprog.eu\/index.php\/2023\/03\/10\/la-saison-des-beignets\/\" \/>\n<meta property=\"og:site_name\" content=\"Le Blog du N\u00e9oprog\" \/>\n<meta property=\"article:published_time\" content=\"2023-03-10T07:00:00+00:00\" \/>\n<meta property=\"og:image\" content=\"https:\/\/www.blog.neoprog.eu\/wp-content\/uploads\/2023\/03\/Treizieme-Carnaval-de-Rosheim-5.jpg\" \/>\n\t<meta property=\"og:image:width\" content=\"1539\" \/>\n\t<meta property=\"og:image:height\" content=\"1024\" \/>\n\t<meta property=\"og:image:type\" content=\"image\/jpeg\" \/>\n<meta name=\"author\" content=\"Neoprog\" \/>\n<meta name=\"twitter:card\" content=\"summary_large_image\" \/>\n<meta name=\"twitter:creator\" content=\"@Le_Brun_JC\" \/>\n<meta name=\"twitter:site\" content=\"@Le_Brun_JC\" \/>\n<meta name=\"twitter:label1\" content=\"\u00c9crit par\" \/>\n\t<meta name=\"twitter:data1\" content=\"Neoprog\" \/>\n\t<meta name=\"twitter:label2\" content=\"Dur\u00e9e de lecture estim\u00e9e\" \/>\n\t<meta name=\"twitter:data2\" content=\"5 minutes\" \/>\n<script type=\"application\/ld+json\" class=\"yoast-schema-graph\">{\"@context\":\"https:\\\/\\\/schema.org\",\"@graph\":[{\"@type\":\"Article\",\"@id\":\"https:\\\/\\\/www.blog.neoprog.eu\\\/index.php\\\/2023\\\/03\\\/10\\\/la-saison-des-beignets\\\/#article\",\"isPartOf\":{\"@id\":\"https:\\\/\\\/www.blog.neoprog.eu\\\/index.php\\\/2023\\\/03\\\/10\\\/la-saison-des-beignets\\\/\"},\"author\":{\"name\":\"Neoprog\",\"@id\":\"https:\\\/\\\/www.blog.neoprog.eu\\\/#\\\/schema\\\/person\\\/47c594bf12736b172b772f0f02bcf511\"},\"headline\":\"La saison des beignets\",\"datePublished\":\"2023-03-10T07:00:00+00:00\",\"mainEntityOfPage\":{\"@id\":\"https:\\\/\\\/www.blog.neoprog.eu\\\/index.php\\\/2023\\\/03\\\/10\\\/la-saison-des-beignets\\\/\"},\"wordCount\":709,\"commentCount\":0,\"publisher\":{\"@id\":\"https:\\\/\\\/www.blog.neoprog.eu\\\/#\\\/schema\\\/person\\\/47c594bf12736b172b772f0f02bcf511\"},\"image\":{\"@id\":\"https:\\\/\\\/www.blog.neoprog.eu\\\/index.php\\\/2023\\\/03\\\/10\\\/la-saison-des-beignets\\\/#primaryimage\"},\"thumbnailUrl\":\"https:\\\/\\\/www.blog.neoprog.eu\\\/wp-content\\\/uploads\\\/2023\\\/03\\\/Treizieme-Carnaval-de-Rosheim-5.jpg\",\"keywords\":[\"beignets\",\"carnaval\",\"costumes\",\"photographie\",\"Rosheim\"],\"articleSection\":[\"Photo\"],\"inLanguage\":\"fr-FR\",\"potentialAction\":[{\"@type\":\"CommentAction\",\"name\":\"Comment\",\"target\":[\"https:\\\/\\\/www.blog.neoprog.eu\\\/index.php\\\/2023\\\/03\\\/10\\\/la-saison-des-beignets\\\/#respond\"]}]},{\"@type\":\"WebPage\",\"@id\":\"https:\\\/\\\/www.blog.neoprog.eu\\\/index.php\\\/2023\\\/03\\\/10\\\/la-saison-des-beignets\\\/\",\"url\":\"https:\\\/\\\/www.blog.neoprog.eu\\\/index.php\\\/2023\\\/03\\\/10\\\/la-saison-des-beignets\\\/\",\"name\":\"La saison des beignets - Le Blog du N\u00e9oprog\",\"isPartOf\":{\"@id\":\"https:\\\/\\\/www.blog.neoprog.eu\\\/#website\"},\"primaryImageOfPage\":{\"@id\":\"https:\\\/\\\/www.blog.neoprog.eu\\\/index.php\\\/2023\\\/03\\\/10\\\/la-saison-des-beignets\\\/#primaryimage\"},\"image\":{\"@id\":\"https:\\\/\\\/www.blog.neoprog.eu\\\/index.php\\\/2023\\\/03\\\/10\\\/la-saison-des-beignets\\\/#primaryimage\"},\"thumbnailUrl\":\"https:\\\/\\\/www.blog.neoprog.eu\\\/wp-content\\\/uploads\\\/2023\\\/03\\\/Treizieme-Carnaval-de-Rosheim-5.jpg\",\"datePublished\":\"2023-03-10T07:00:00+00:00\",\"description\":\"Le treizi\u00e8me carnaval v\u00e9nitien dans la ville fortifi\u00e9e de Rosheim\",\"breadcrumb\":{\"@id\":\"https:\\\/\\\/www.blog.neoprog.eu\\\/index.php\\\/2023\\\/03\\\/10\\\/la-saison-des-beignets\\\/#breadcrumb\"},\"inLanguage\":\"fr-FR\",\"potentialAction\":[{\"@type\":\"ReadAction\",\"target\":[\"https:\\\/\\\/www.blog.neoprog.eu\\\/index.php\\\/2023\\\/03\\\/10\\\/la-saison-des-beignets\\\/\"]}]},{\"@type\":\"ImageObject\",\"inLanguage\":\"fr-FR\",\"@id\":\"https:\\\/\\\/www.blog.neoprog.eu\\\/index.php\\\/2023\\\/03\\\/10\\\/la-saison-des-beignets\\\/#primaryimage\",\"url\":\"https:\\\/\\\/www.blog.neoprog.eu\\\/wp-content\\\/uploads\\\/2023\\\/03\\\/Treizieme-Carnaval-de-Rosheim-5.jpg\",\"contentUrl\":\"https:\\\/\\\/www.blog.neoprog.eu\\\/wp-content\\\/uploads\\\/2023\\\/03\\\/Treizieme-Carnaval-de-Rosheim-5.jpg\",\"width\":1539,\"height\":1024},{\"@type\":\"BreadcrumbList\",\"@id\":\"https:\\\/\\\/www.blog.neoprog.eu\\\/index.php\\\/2023\\\/03\\\/10\\\/la-saison-des-beignets\\\/#breadcrumb\",\"itemListElement\":[{\"@type\":\"ListItem\",\"position\":1,\"name\":\"Home\",\"item\":\"https:\\\/\\\/www.blog.neoprog.eu\\\/\"},{\"@type\":\"ListItem\",\"position\":2,\"name\":\"La saison des beignets\"}]},{\"@type\":\"WebSite\",\"@id\":\"https:\\\/\\\/www.blog.neoprog.eu\\\/#website\",\"url\":\"https:\\\/\\\/www.blog.neoprog.eu\\\/\",\"name\":\"Le Blog du N\u00e9oprog\",\"description\":\"\",\"publisher\":{\"@id\":\"https:\\\/\\\/www.blog.neoprog.eu\\\/#\\\/schema\\\/person\\\/47c594bf12736b172b772f0f02bcf511\"},\"potentialAction\":[{\"@type\":\"SearchAction\",\"target\":{\"@type\":\"EntryPoint\",\"urlTemplate\":\"https:\\\/\\\/www.blog.neoprog.eu\\\/?s={search_term_string}\"},\"query-input\":{\"@type\":\"PropertyValueSpecification\",\"valueRequired\":true,\"valueName\":\"search_term_string\"}}],\"inLanguage\":\"fr-FR\"},{\"@type\":[\"Person\",\"Organization\"],\"@id\":\"https:\\\/\\\/www.blog.neoprog.eu\\\/#\\\/schema\\\/person\\\/47c594bf12736b172b772f0f02bcf511\",\"name\":\"Neoprog\",\"image\":{\"@type\":\"ImageObject\",\"inLanguage\":\"fr-FR\",\"@id\":\"https:\\\/\\\/www.blog.neoprog.eu\\\/wp-content\\\/uploads\\\/2022\\\/09\\\/autoportrait-2.jpg\",\"url\":\"https:\\\/\\\/www.blog.neoprog.eu\\\/wp-content\\\/uploads\\\/2022\\\/09\\\/autoportrait-2.jpg\",\"contentUrl\":\"https:\\\/\\\/www.blog.neoprog.eu\\\/wp-content\\\/uploads\\\/2022\\\/09\\\/autoportrait-2.jpg\",\"width\":1024,\"height\":681,\"caption\":\"Neoprog\"},\"logo\":{\"@id\":\"https:\\\/\\\/www.blog.neoprog.eu\\\/wp-content\\\/uploads\\\/2022\\\/09\\\/autoportrait-2.jpg\"}}]}<\/script>\n<!-- \/ Yoast SEO plugin. -->","yoast_head_json":{"title":"La saison des beignets - Le Blog du N\u00e9oprog","description":"Le treizi\u00e8me carnaval v\u00e9nitien dans la ville fortifi\u00e9e de Rosheim","robots":{"index":"index","follow":"follow","max-snippet":"max-snippet:-1","max-image-preview":"max-image-preview:large","max-video-preview":"max-video-preview:-1"},"canonical":"https:\/\/www.blog.neoprog.eu\/index.php\/2023\/03\/10\/la-saison-des-beignets\/","og_locale":"fr_FR","og_type":"article","og_title":"La saison des beignets - Le Blog du N\u00e9oprog","og_description":"Le treizi\u00e8me carnaval v\u00e9nitien dans la ville fortifi\u00e9e de Rosheim","og_url":"https:\/\/www.blog.neoprog.eu\/index.php\/2023\/03\/10\/la-saison-des-beignets\/","og_site_name":"Le Blog du N\u00e9oprog","article_published_time":"2023-03-10T07:00:00+00:00","og_image":[{"width":1539,"height":1024,"url":"https:\/\/www.blog.neoprog.eu\/wp-content\/uploads\/2023\/03\/Treizieme-Carnaval-de-Rosheim-5.jpg","type":"image\/jpeg"}],"author":"Neoprog","twitter_card":"summary_large_image","twitter_creator":"@Le_Brun_JC","twitter_site":"@Le_Brun_JC","twitter_misc":{"\u00c9crit par":"Neoprog","Dur\u00e9e de lecture estim\u00e9e":"5 minutes"},"schema":{"@context":"https:\/\/schema.org","@graph":[{"@type":"Article","@id":"https:\/\/www.blog.neoprog.eu\/index.php\/2023\/03\/10\/la-saison-des-beignets\/#article","isPartOf":{"@id":"https:\/\/www.blog.neoprog.eu\/index.php\/2023\/03\/10\/la-saison-des-beignets\/"},"author":{"name":"Neoprog","@id":"https:\/\/www.blog.neoprog.eu\/#\/schema\/person\/47c594bf12736b172b772f0f02bcf511"},"headline":"La saison des beignets","datePublished":"2023-03-10T07:00:00+00:00","mainEntityOfPage":{"@id":"https:\/\/www.blog.neoprog.eu\/index.php\/2023\/03\/10\/la-saison-des-beignets\/"},"wordCount":709,"commentCount":0,"publisher":{"@id":"https:\/\/www.blog.neoprog.eu\/#\/schema\/person\/47c594bf12736b172b772f0f02bcf511"},"image":{"@id":"https:\/\/www.blog.neoprog.eu\/index.php\/2023\/03\/10\/la-saison-des-beignets\/#primaryimage"},"thumbnailUrl":"https:\/\/www.blog.neoprog.eu\/wp-content\/uploads\/2023\/03\/Treizieme-Carnaval-de-Rosheim-5.jpg","keywords":["beignets","carnaval","costumes","photographie","Rosheim"],"articleSection":["Photo"],"inLanguage":"fr-FR","potentialAction":[{"@type":"CommentAction","name":"Comment","target":["https:\/\/www.blog.neoprog.eu\/index.php\/2023\/03\/10\/la-saison-des-beignets\/#respond"]}]},{"@type":"WebPage","@id":"https:\/\/www.blog.neoprog.eu\/index.php\/2023\/03\/10\/la-saison-des-beignets\/","url":"https:\/\/www.blog.neoprog.eu\/index.php\/2023\/03\/10\/la-saison-des-beignets\/","name":"La saison des beignets - Le Blog du N\u00e9oprog","isPartOf":{"@id":"https:\/\/www.blog.neoprog.eu\/#website"},"primaryImageOfPage":{"@id":"https:\/\/www.blog.neoprog.eu\/index.php\/2023\/03\/10\/la-saison-des-beignets\/#primaryimage"},"image":{"@id":"https:\/\/www.blog.neoprog.eu\/index.php\/2023\/03\/10\/la-saison-des-beignets\/#primaryimage"},"thumbnailUrl":"https:\/\/www.blog.neoprog.eu\/wp-content\/uploads\/2023\/03\/Treizieme-Carnaval-de-Rosheim-5.jpg","datePublished":"2023-03-10T07:00:00+00:00","description":"Le treizi\u00e8me carnaval v\u00e9nitien dans la ville fortifi\u00e9e de Rosheim","breadcrumb":{"@id":"https:\/\/www.blog.neoprog.eu\/index.php\/2023\/03\/10\/la-saison-des-beignets\/#breadcrumb"},"inLanguage":"fr-FR","potentialAction":[{"@type":"ReadAction","target":["https:\/\/www.blog.neoprog.eu\/index.php\/2023\/03\/10\/la-saison-des-beignets\/"]}]},{"@type":"ImageObject","inLanguage":"fr-FR","@id":"https:\/\/www.blog.neoprog.eu\/index.php\/2023\/03\/10\/la-saison-des-beignets\/#primaryimage","url":"https:\/\/www.blog.neoprog.eu\/wp-content\/uploads\/2023\/03\/Treizieme-Carnaval-de-Rosheim-5.jpg","contentUrl":"https:\/\/www.blog.neoprog.eu\/wp-content\/uploads\/2023\/03\/Treizieme-Carnaval-de-Rosheim-5.jpg","width":1539,"height":1024},{"@type":"BreadcrumbList","@id":"https:\/\/www.blog.neoprog.eu\/index.php\/2023\/03\/10\/la-saison-des-beignets\/#breadcrumb","itemListElement":[{"@type":"ListItem","position":1,"name":"Home","item":"https:\/\/www.blog.neoprog.eu\/"},{"@type":"ListItem","position":2,"name":"La saison des beignets"}]},{"@type":"WebSite","@id":"https:\/\/www.blog.neoprog.eu\/#website","url":"https:\/\/www.blog.neoprog.eu\/","name":"Le Blog du N\u00e9oprog","description":"","publisher":{"@id":"https:\/\/www.blog.neoprog.eu\/#\/schema\/person\/47c594bf12736b172b772f0f02bcf511"},"potentialAction":[{"@type":"SearchAction","target":{"@type":"EntryPoint","urlTemplate":"https:\/\/www.blog.neoprog.eu\/?s={search_term_string}"},"query-input":{"@type":"PropertyValueSpecification","valueRequired":true,"valueName":"search_term_string"}}],"inLanguage":"fr-FR"},{"@type":["Person","Organization"],"@id":"https:\/\/www.blog.neoprog.eu\/#\/schema\/person\/47c594bf12736b172b772f0f02bcf511","name":"Neoprog","image":{"@type":"ImageObject","inLanguage":"fr-FR","@id":"https:\/\/www.blog.neoprog.eu\/wp-content\/uploads\/2022\/09\/autoportrait-2.jpg","url":"https:\/\/www.blog.neoprog.eu\/wp-content\/uploads\/2022\/09\/autoportrait-2.jpg","contentUrl":"https:\/\/www.blog.neoprog.eu\/wp-content\/uploads\/2022\/09\/autoportrait-2.jpg","width":1024,"height":681,"caption":"Neoprog"},"logo":{"@id":"https:\/\/www.blog.neoprog.eu\/wp-content\/uploads\/2022\/09\/autoportrait-2.jpg"}}]}},"_links":{"self":[{"href":"https:\/\/www.blog.neoprog.eu\/index.php\/wp-json\/wp\/v2\/posts\/8917","targetHints":{"allow":["GET"]}}],"collection":[{"href":"https:\/\/www.blog.neoprog.eu\/index.php\/wp-json\/wp\/v2\/posts"}],"about":[{"href":"https:\/\/www.blog.neoprog.eu\/index.php\/wp-json\/wp\/v2\/types\/post"}],"author":[{"embeddable":true,"href":"https:\/\/www.blog.neoprog.eu\/index.php\/wp-json\/wp\/v2\/users\/1"}],"replies":[{"embeddable":true,"href":"https:\/\/www.blog.neoprog.eu\/index.php\/wp-json\/wp\/v2\/comments?post=8917"}],"version-history":[{"count":2,"href":"https:\/\/www.blog.neoprog.eu\/index.php\/wp-json\/wp\/v2\/posts\/8917\/revisions"}],"predecessor-version":[{"id":8929,"href":"https:\/\/www.blog.neoprog.eu\/index.php\/wp-json\/wp\/v2\/posts\/8917\/revisions\/8929"}],"wp:featuredmedia":[{"embeddable":true,"href":"https:\/\/www.blog.neoprog.eu\/index.php\/wp-json\/wp\/v2\/media\/8918"}],"wp:attachment":[{"href":"https:\/\/www.blog.neoprog.eu\/index.php\/wp-json\/wp\/v2\/media?parent=8917"}],"wp:term":[{"taxonomy":"category","embeddable":true,"href":"https:\/\/www.blog.neoprog.eu\/index.php\/wp-json\/wp\/v2\/categories?post=8917"},{"taxonomy":"post_tag","embeddable":true,"href":"https:\/\/www.blog.neoprog.eu\/index.php\/wp-json\/wp\/v2\/tags?post=8917"}],"curies":[{"name":"wp","href":"https:\/\/api.w.org\/{rel}","templated":true}]}}