{"id":9028,"date":"2023-04-19T08:00:00","date_gmt":"2023-04-19T06:00:00","guid":{"rendered":"http:\/\/www.blog.neoprog.eu\/?p=9028"},"modified":"2023-04-18T07:22:52","modified_gmt":"2023-04-18T05:22:52","slug":"shoot-in","status":"publish","type":"post","link":"https:\/\/www.blog.neoprog.eu\/index.php\/2023\/04\/19\/shoot-in\/","title":{"rendered":"Shoot in !"},"content":{"rendered":"\n<figure class=\"wp-block-image size-full\"><img loading=\"lazy\" decoding=\"async\" width=\"1024\" height=\"768\" src=\"https:\/\/www.blog.neoprog.eu\/wp-content\/uploads\/2023\/04\/bagages.jpg\" alt=\"\" class=\"wp-image-9029\" srcset=\"https:\/\/www.blog.neoprog.eu\/wp-content\/uploads\/2023\/04\/bagages.jpg 1024w, https:\/\/www.blog.neoprog.eu\/wp-content\/uploads\/2023\/04\/bagages-300x225.jpg 300w, https:\/\/www.blog.neoprog.eu\/wp-content\/uploads\/2023\/04\/bagages-768x576.jpg 768w, https:\/\/www.blog.neoprog.eu\/wp-content\/uploads\/2023\/04\/bagages-400x300.jpg 400w\" sizes=\"auto, (max-width: 1024px) 100vw, 1024px\" \/><\/figure>\n\n\n\n<p>Il y a quelques temps, Didier le frontman du groupe <a href=\"https:\/\/www.blog.neoprog.eu\/index.php\/2023\/02\/27\/plus-33-open-window\/\">Plus 33<\/a> m\u2019a demand\u00e9 si j\u2019\u00e9tais partant pour r\u00e9aliser des photos pour leur prochain album. Pas la pochette, juste des clich\u00e9s du groupe pour la promotion du disque. J\u2019avais r\u00e9pondu pourquoi pas, m\u00eame si je ne ma\u00eetrise pas du tout l\u2019exercice.&nbsp;<\/p>\n\n\n\n<p>Apr\u00e8s tout, pourquoi ne pas essayer, quitte \u00e0 ce qu\u2019il fassent appel \u00e0 un photographe pro si mon travail \u00e9tait trop moche.<\/p>\n\n\n\n<p>La premi\u00e8re chose fut de d\u00e9terminer leur besoin en images, du studio, des portraits individuels, de groupe, sur fond uni, en ext\u00e9rieur, dans un des d\u00e9cors naturels et si oui lesquels.<\/p>\n\n\n\n<p>Le choix du lieu pour les photos de studio \u00e9tait \u00e9galement important, car si j\u2019ai un <a href=\"https:\/\/www.blog.neoprog.eu\/index.php\/2022\/11\/09\/le-nouveau-studio\/\">studio<\/a> \u00e0 la maison, il convient pour de l\u2019enregistrement vid\u00e9o en solo, pas pour un groupe.<\/p>\n\n\n\n<p>Ensuite il fallu convenir d\u2019une date o\u00f9 j\u2019\u00e9tais disponible et \u00e0 laquelle il \u00e9tait possible de r\u00e9unir tout le groupe avec en plus une m\u00e9t\u00e9o favorable. Il fallait \u00e9galement d\u00e9cider des lieux en ext\u00e9rieur, sans prendre l\u2019avion jusqu\u2019en Islande pour r\u00e9aliser deux images.<\/p>\n\n\n\n<p>Restait enfin pour moi le choix du mat\u00e9riel, <a href=\"https:\/\/www.blog.neoprog.eu\/index.php\/2023\/03\/01\/neewer\/\">projecteurs<\/a>, \u00e9crans, optiques, bo\u00eetiers, flash, pied, rallonge, de quoi remplir le coffre de la voiture.<\/p>\n\n\n\n<p>Finalement un vendredi, en d\u00e9but d\u2019apr\u00e8s-midi, je suis parti, le coffre charg\u00e9 de mon barda, direction un studio d\u2019enregistrement o\u00f9 j\u2019avais d\u00e9j\u00e0 pass\u00e9 une journ\u00e9e, lors de la finalisation du dernier album de Out5ide.<\/p>\n\n\n\n<p>\u00c9videmment, il pleuvait, sinon \u00e7a n\u2019aurait pas \u00e9t\u00e9 amusant. Une genre de bruine sous un ciel gris uniforme, le cauchemar du photographe.<\/p>\n\n\n\n<p>Arriv\u00e9 au studio j\u2019ai retrouv\u00e9 les membres du groupe pomponn\u00e9s pour l\u2019occasion. Didier que j\u2019avais rencontr\u00e9 au Grillen pour <a href=\"https:\/\/www.blog.neoprog.eu\/index.php\/2023\/03\/22\/the-watch-plays-genesis\/\">le concert de The Watch<\/a>, Philippe que je connais depuis <a href=\"https:\/\/www.blog.neoprog.eu\/index.php\/2023\/01\/18\/out5ide-au-rock-shop-cafe\/\">longtemps<\/a>, le batteur, la chanteuse et le bassiste, le bout en train du groupe qui est arriv\u00e9 en retard ainsi que le propri\u00e9taire du studio que j\u2019avais d\u00e9j\u00e0 rencontr\u00e9.<\/p>\n\n\n\n<p>Le studio est situ\u00e9 au sous-sol d\u2019une maison. J\u2019ai pu constater que le plafond \u00e9tait bas comme dans mes souvenirs, tr\u00e8s bas en fait, disons \u00e0 deux m\u00e8tres. De plus il n\u2019est pas large et \u00e9clair\u00e9 par des n\u00e9ons et des LED de toutes les couleurs sans parler des lucarnes qui diffusaient une timide lumi\u00e8re. J\u2019avais bien fait d\u2019apporter mes projecteurs. Le Neewer pour la lumi\u00e8re principale et un des deux Starblitz pour d\u00e9boucher les ombres. Ensuite j\u2019ai install\u00e9 l\u2019\u00e9cran noir, fait quelques essais d\u2019\u00e9clairages avec le batteur et le shooting a pu commencer. Je me suis, comme toujours, battu avec les plis du fond noir, afin d\u2019obtenir un arri\u00e8re plan le plus lisse possible. La technique pourtant \u00e9prouv\u00e9e des pinces \u00e0 linge n\u2019est pas arriv\u00e9e \u00e0 bout du probl\u00e8me, mais il faut avouer que j\u2019\u00e9tais un peu stress\u00e9.<\/p>\n\n\n\n<p>Pendant ce temps, les musiciens \u00e9coutaient quelques extraits du futur album que j\u2019ai d\u00e9couvert du coup en avant premi\u00e8re. Un disque avec trois pi\u00e8ces principales dont un titre avec des voix f\u00e9minines, deux courts interludes et beaucoup de piano.<\/p>\n\n\n\n<p>J\u2019ai commenc\u00e9 par des portraits individuels sur fond noir avec ou sans leur instrument, le mod\u00e8le assis sur un tabouret de bar pour pouvoir le cadrer correctement malgr\u00e9 la faible hauteur de plafond, l\u2019id\u00e9e \u00e9tant de faire dispara\u00eetre l\u2019arri\u00e8re plan au d\u00e9veloppement.&nbsp;<\/p>\n\n\n\n<p>Je n\u2019ai pas l\u2019habitude de diriger un mod\u00e8le, \u00e7a ne s\u2019improvise pas en fait ce genre de chose. J\u2019ai essay\u00e9 de d\u00e9coincer les sourires, de proposer diff\u00e9rentes attitudes, d\u2019orienter les regards, de faire rire les musiciens pour obtenir des r\u00e9actions tout en shootant \u00e0 tr\u00e8s forte cadence. Sur les plus de quatre cent photos il y aura plus de 90 % de d\u00e9chets.<\/p>\n\n\n\n<p>Ensuite nous avons attaqu\u00e9 les photographies de groupe et croyez-moi, caser cinq personnes devant un petit \u00e9cran noir dans une pi\u00e8ce au plafond bas, c\u2019est tout un po\u00e8me. Enfin bon\u2026 L\u00e0 aussi, il a fallu diriger tout ce petit monde et ce ne fut pas une mince affaire avec le bassiste qui n\u2019arr\u00eatait pas de faire le mariole.<\/p>\n\n\n\n<p>Malgr\u00e9 une forte r\u00e9sistance, nous avons \u00e9galement fait des ext\u00e9rieurs, dans un parc \u00e0 proximit\u00e9 du studio. La lumi\u00e8re \u00e9tait contre nous, le parc ne se pr\u00eatait pas vraiment \u00e0 l\u2019exercice et nous avons d\u00fb g\u00e9rer les promeneurs curieux. Mais bon, j\u2019ai rempli mon contrat avec des images en ext\u00e9rieur.<\/p>\n\n\n\n<figure class=\"wp-block-image size-full\"><img loading=\"lazy\" decoding=\"async\" width=\"1024\" height=\"577\" src=\"https:\/\/www.blog.neoprog.eu\/wp-content\/uploads\/2023\/04\/planche-test.png\" alt=\"\" class=\"wp-image-9037\" srcset=\"https:\/\/www.blog.neoprog.eu\/wp-content\/uploads\/2023\/04\/planche-test.png 1024w, https:\/\/www.blog.neoprog.eu\/wp-content\/uploads\/2023\/04\/planche-test-300x169.png 300w, https:\/\/www.blog.neoprog.eu\/wp-content\/uploads\/2023\/04\/planche-test-768x433.png 768w, https:\/\/www.blog.neoprog.eu\/wp-content\/uploads\/2023\/04\/planche-test-500x282.png 500w\" sizes=\"auto, (max-width: 1024px) 100vw, 1024px\" \/><\/figure>\n\n\n\n<p>\u00c9videmment je ne suis pas tr\u00e8s satisfait de mon travail. Soit le mod\u00e8le n\u2019est pas sexy, soit l\u2019\u00e9clairage laisse \u00e0 d\u00e9sirer, soit le cadrage, contraint par la pi\u00e8ce et mon fond, est merdique. J\u2019ai envoy\u00e9 une quarantaine d\u2019\u00e9preuves au groupe pour qu\u2019ils choisissent des images. Celle qu\u2019ils ont retenu pour le livret est probablement celle que j\u2019aurais jet\u00e9 en premier, comme quoi je n&rsquo;ai clairement pas compris leurs attentes. L\u2019attach\u00e9e de presse elle a aim\u00e9 les images des musiciens avec leur instrument prises sur un fond noir, et c\u2019est tant mieux car c\u2019est celles qui m\u2019ont demand\u00e9 le plus de travail en post production.<\/p>\n\n\n\n<p>M\u00eame si le r\u00e9sultat n&rsquo;est pas satisfaisant, ni pour le groupe, ni pour moi, ce fut une exp\u00e9rience pour le moins enrichissante et je ne vous cache pas que j&rsquo;aimerai bien poursuivre dans cette voie.<\/p>\n","protected":false},"excerpt":{"rendered":"<p>Il y a quelques temps, Didier le frontman du groupe Plus 33 m\u2019a demand\u00e9 si j\u2019\u00e9tais partant pour r\u00e9aliser des photos pour leur prochain album. <a href=\"https:\/\/www.blog.neoprog.eu\/index.php\/2023\/04\/19\/shoot-in\/\">Continuer la lecture <span class=\"meta-nav\">&rarr;<\/span><\/a><\/p>\n","protected":false},"author":1,"featured_media":9029,"comment_status":"open","ping_status":"open","sticky":false,"template":"","format":"image","meta":{"footnotes":""},"categories":[7,13],"tags":[1037,2701,875,2739,622,2789,847],"class_list":["post-9028","post","type-post","status-publish","format-image","has-post-thumbnail","hentry","category-photo","category-rock-progressif","tag-groupe","tag-out5ide","tag-photographie","tag-plus-33","tag-rock-progressif","tag-shooting","tag-studio","post_format-post-format-image"],"yoast_head":"<!-- This site is optimized with the Yoast SEO plugin v27.4 - https:\/\/yoast.com\/product\/yoast-seo-wordpress\/ -->\n<title>Shoot in ! - Le Blog du N\u00e9oprog<\/title>\n<meta name=\"description\" content=\"Il y a quelques temps, Didier le frontman du groupe Plus 33 m\u2019a demand\u00e9 si j\u2019\u00e9tais partant pour r\u00e9aliser des photos pour leur prochain album.\" \/>\n<meta name=\"robots\" content=\"index, follow, max-snippet:-1, max-image-preview:large, max-video-preview:-1\" \/>\n<link rel=\"canonical\" href=\"https:\/\/www.blog.neoprog.eu\/index.php\/2023\/04\/19\/shoot-in\/\" \/>\n<meta property=\"og:locale\" content=\"fr_FR\" \/>\n<meta property=\"og:type\" content=\"article\" \/>\n<meta property=\"og:title\" content=\"Shoot in ! - Le Blog du N\u00e9oprog\" \/>\n<meta property=\"og:description\" content=\"Il y a quelques temps, Didier le frontman du groupe Plus 33 m\u2019a demand\u00e9 si j\u2019\u00e9tais partant pour r\u00e9aliser des photos pour leur prochain album.\" \/>\n<meta property=\"og:url\" content=\"https:\/\/www.blog.neoprog.eu\/index.php\/2023\/04\/19\/shoot-in\/\" \/>\n<meta property=\"og:site_name\" content=\"Le Blog du N\u00e9oprog\" \/>\n<meta property=\"article:published_time\" content=\"2023-04-19T06:00:00+00:00\" \/>\n<meta property=\"og:image\" content=\"https:\/\/www.blog.neoprog.eu\/wp-content\/uploads\/2023\/04\/bagages.jpg\" \/>\n\t<meta property=\"og:image:width\" content=\"1024\" \/>\n\t<meta property=\"og:image:height\" content=\"768\" \/>\n\t<meta property=\"og:image:type\" content=\"image\/jpeg\" \/>\n<meta name=\"author\" content=\"Neoprog\" \/>\n<meta name=\"twitter:card\" content=\"summary_large_image\" \/>\n<meta name=\"twitter:creator\" content=\"@Le_Brun_JC\" \/>\n<meta name=\"twitter:site\" content=\"@Le_Brun_JC\" \/>\n<meta name=\"twitter:label1\" content=\"\u00c9crit par\" \/>\n\t<meta name=\"twitter:data1\" content=\"Neoprog\" \/>\n\t<meta name=\"twitter:label2\" content=\"Dur\u00e9e de lecture estim\u00e9e\" \/>\n\t<meta name=\"twitter:data2\" content=\"5 minutes\" \/>\n<script type=\"application\/ld+json\" class=\"yoast-schema-graph\">{\"@context\":\"https:\\\/\\\/schema.org\",\"@graph\":[{\"@type\":\"Article\",\"@id\":\"https:\\\/\\\/www.blog.neoprog.eu\\\/index.php\\\/2023\\\/04\\\/19\\\/shoot-in\\\/#article\",\"isPartOf\":{\"@id\":\"https:\\\/\\\/www.blog.neoprog.eu\\\/index.php\\\/2023\\\/04\\\/19\\\/shoot-in\\\/\"},\"author\":{\"name\":\"Neoprog\",\"@id\":\"https:\\\/\\\/www.blog.neoprog.eu\\\/#\\\/schema\\\/person\\\/47c594bf12736b172b772f0f02bcf511\"},\"headline\":\"Shoot in !\",\"datePublished\":\"2023-04-19T06:00:00+00:00\",\"mainEntityOfPage\":{\"@id\":\"https:\\\/\\\/www.blog.neoprog.eu\\\/index.php\\\/2023\\\/04\\\/19\\\/shoot-in\\\/\"},\"wordCount\":959,\"commentCount\":0,\"publisher\":{\"@id\":\"https:\\\/\\\/www.blog.neoprog.eu\\\/#\\\/schema\\\/person\\\/47c594bf12736b172b772f0f02bcf511\"},\"image\":{\"@id\":\"https:\\\/\\\/www.blog.neoprog.eu\\\/index.php\\\/2023\\\/04\\\/19\\\/shoot-in\\\/#primaryimage\"},\"thumbnailUrl\":\"https:\\\/\\\/www.blog.neoprog.eu\\\/wp-content\\\/uploads\\\/2023\\\/04\\\/bagages.jpg\",\"keywords\":[\"groupe\",\"Out5ide\",\"photographie\",\"Plus 33\",\"rock progressif\",\"shooting\",\"studio\"],\"articleSection\":[\"Photo\",\"Rock progressif\"],\"inLanguage\":\"fr-FR\",\"potentialAction\":[{\"@type\":\"CommentAction\",\"name\":\"Comment\",\"target\":[\"https:\\\/\\\/www.blog.neoprog.eu\\\/index.php\\\/2023\\\/04\\\/19\\\/shoot-in\\\/#respond\"]}]},{\"@type\":\"WebPage\",\"@id\":\"https:\\\/\\\/www.blog.neoprog.eu\\\/index.php\\\/2023\\\/04\\\/19\\\/shoot-in\\\/\",\"url\":\"https:\\\/\\\/www.blog.neoprog.eu\\\/index.php\\\/2023\\\/04\\\/19\\\/shoot-in\\\/\",\"name\":\"Shoot in ! - Le Blog du N\u00e9oprog\",\"isPartOf\":{\"@id\":\"https:\\\/\\\/www.blog.neoprog.eu\\\/#website\"},\"primaryImageOfPage\":{\"@id\":\"https:\\\/\\\/www.blog.neoprog.eu\\\/index.php\\\/2023\\\/04\\\/19\\\/shoot-in\\\/#primaryimage\"},\"image\":{\"@id\":\"https:\\\/\\\/www.blog.neoprog.eu\\\/index.php\\\/2023\\\/04\\\/19\\\/shoot-in\\\/#primaryimage\"},\"thumbnailUrl\":\"https:\\\/\\\/www.blog.neoprog.eu\\\/wp-content\\\/uploads\\\/2023\\\/04\\\/bagages.jpg\",\"datePublished\":\"2023-04-19T06:00:00+00:00\",\"description\":\"Il y a quelques temps, Didier le frontman du groupe Plus 33 m\u2019a demand\u00e9 si j\u2019\u00e9tais partant pour r\u00e9aliser des photos pour leur prochain album.\",\"breadcrumb\":{\"@id\":\"https:\\\/\\\/www.blog.neoprog.eu\\\/index.php\\\/2023\\\/04\\\/19\\\/shoot-in\\\/#breadcrumb\"},\"inLanguage\":\"fr-FR\",\"potentialAction\":[{\"@type\":\"ReadAction\",\"target\":[\"https:\\\/\\\/www.blog.neoprog.eu\\\/index.php\\\/2023\\\/04\\\/19\\\/shoot-in\\\/\"]}]},{\"@type\":\"ImageObject\",\"inLanguage\":\"fr-FR\",\"@id\":\"https:\\\/\\\/www.blog.neoprog.eu\\\/index.php\\\/2023\\\/04\\\/19\\\/shoot-in\\\/#primaryimage\",\"url\":\"https:\\\/\\\/www.blog.neoprog.eu\\\/wp-content\\\/uploads\\\/2023\\\/04\\\/bagages.jpg\",\"contentUrl\":\"https:\\\/\\\/www.blog.neoprog.eu\\\/wp-content\\\/uploads\\\/2023\\\/04\\\/bagages.jpg\",\"width\":1024,\"height\":768},{\"@type\":\"BreadcrumbList\",\"@id\":\"https:\\\/\\\/www.blog.neoprog.eu\\\/index.php\\\/2023\\\/04\\\/19\\\/shoot-in\\\/#breadcrumb\",\"itemListElement\":[{\"@type\":\"ListItem\",\"position\":1,\"name\":\"Home\",\"item\":\"https:\\\/\\\/www.blog.neoprog.eu\\\/\"},{\"@type\":\"ListItem\",\"position\":2,\"name\":\"Shoot in !\"}]},{\"@type\":\"WebSite\",\"@id\":\"https:\\\/\\\/www.blog.neoprog.eu\\\/#website\",\"url\":\"https:\\\/\\\/www.blog.neoprog.eu\\\/\",\"name\":\"Le Blog du N\u00e9oprog\",\"description\":\"\",\"publisher\":{\"@id\":\"https:\\\/\\\/www.blog.neoprog.eu\\\/#\\\/schema\\\/person\\\/47c594bf12736b172b772f0f02bcf511\"},\"potentialAction\":[{\"@type\":\"SearchAction\",\"target\":{\"@type\":\"EntryPoint\",\"urlTemplate\":\"https:\\\/\\\/www.blog.neoprog.eu\\\/?s={search_term_string}\"},\"query-input\":{\"@type\":\"PropertyValueSpecification\",\"valueRequired\":true,\"valueName\":\"search_term_string\"}}],\"inLanguage\":\"fr-FR\"},{\"@type\":[\"Person\",\"Organization\"],\"@id\":\"https:\\\/\\\/www.blog.neoprog.eu\\\/#\\\/schema\\\/person\\\/47c594bf12736b172b772f0f02bcf511\",\"name\":\"Neoprog\",\"image\":{\"@type\":\"ImageObject\",\"inLanguage\":\"fr-FR\",\"@id\":\"https:\\\/\\\/www.blog.neoprog.eu\\\/wp-content\\\/uploads\\\/2022\\\/09\\\/autoportrait-2.jpg\",\"url\":\"https:\\\/\\\/www.blog.neoprog.eu\\\/wp-content\\\/uploads\\\/2022\\\/09\\\/autoportrait-2.jpg\",\"contentUrl\":\"https:\\\/\\\/www.blog.neoprog.eu\\\/wp-content\\\/uploads\\\/2022\\\/09\\\/autoportrait-2.jpg\",\"width\":1024,\"height\":681,\"caption\":\"Neoprog\"},\"logo\":{\"@id\":\"https:\\\/\\\/www.blog.neoprog.eu\\\/wp-content\\\/uploads\\\/2022\\\/09\\\/autoportrait-2.jpg\"}}]}<\/script>\n<!-- \/ Yoast SEO plugin. -->","yoast_head_json":{"title":"Shoot in ! - Le Blog du N\u00e9oprog","description":"Il y a quelques temps, Didier le frontman du groupe Plus 33 m\u2019a demand\u00e9 si j\u2019\u00e9tais partant pour r\u00e9aliser des photos pour leur prochain album.","robots":{"index":"index","follow":"follow","max-snippet":"max-snippet:-1","max-image-preview":"max-image-preview:large","max-video-preview":"max-video-preview:-1"},"canonical":"https:\/\/www.blog.neoprog.eu\/index.php\/2023\/04\/19\/shoot-in\/","og_locale":"fr_FR","og_type":"article","og_title":"Shoot in ! - Le Blog du N\u00e9oprog","og_description":"Il y a quelques temps, Didier le frontman du groupe Plus 33 m\u2019a demand\u00e9 si j\u2019\u00e9tais partant pour r\u00e9aliser des photos pour leur prochain album.","og_url":"https:\/\/www.blog.neoprog.eu\/index.php\/2023\/04\/19\/shoot-in\/","og_site_name":"Le Blog du N\u00e9oprog","article_published_time":"2023-04-19T06:00:00+00:00","og_image":[{"width":1024,"height":768,"url":"https:\/\/www.blog.neoprog.eu\/wp-content\/uploads\/2023\/04\/bagages.jpg","type":"image\/jpeg"}],"author":"Neoprog","twitter_card":"summary_large_image","twitter_creator":"@Le_Brun_JC","twitter_site":"@Le_Brun_JC","twitter_misc":{"\u00c9crit par":"Neoprog","Dur\u00e9e de lecture estim\u00e9e":"5 minutes"},"schema":{"@context":"https:\/\/schema.org","@graph":[{"@type":"Article","@id":"https:\/\/www.blog.neoprog.eu\/index.php\/2023\/04\/19\/shoot-in\/#article","isPartOf":{"@id":"https:\/\/www.blog.neoprog.eu\/index.php\/2023\/04\/19\/shoot-in\/"},"author":{"name":"Neoprog","@id":"https:\/\/www.blog.neoprog.eu\/#\/schema\/person\/47c594bf12736b172b772f0f02bcf511"},"headline":"Shoot in !","datePublished":"2023-04-19T06:00:00+00:00","mainEntityOfPage":{"@id":"https:\/\/www.blog.neoprog.eu\/index.php\/2023\/04\/19\/shoot-in\/"},"wordCount":959,"commentCount":0,"publisher":{"@id":"https:\/\/www.blog.neoprog.eu\/#\/schema\/person\/47c594bf12736b172b772f0f02bcf511"},"image":{"@id":"https:\/\/www.blog.neoprog.eu\/index.php\/2023\/04\/19\/shoot-in\/#primaryimage"},"thumbnailUrl":"https:\/\/www.blog.neoprog.eu\/wp-content\/uploads\/2023\/04\/bagages.jpg","keywords":["groupe","Out5ide","photographie","Plus 33","rock progressif","shooting","studio"],"articleSection":["Photo","Rock progressif"],"inLanguage":"fr-FR","potentialAction":[{"@type":"CommentAction","name":"Comment","target":["https:\/\/www.blog.neoprog.eu\/index.php\/2023\/04\/19\/shoot-in\/#respond"]}]},{"@type":"WebPage","@id":"https:\/\/www.blog.neoprog.eu\/index.php\/2023\/04\/19\/shoot-in\/","url":"https:\/\/www.blog.neoprog.eu\/index.php\/2023\/04\/19\/shoot-in\/","name":"Shoot in ! - Le Blog du N\u00e9oprog","isPartOf":{"@id":"https:\/\/www.blog.neoprog.eu\/#website"},"primaryImageOfPage":{"@id":"https:\/\/www.blog.neoprog.eu\/index.php\/2023\/04\/19\/shoot-in\/#primaryimage"},"image":{"@id":"https:\/\/www.blog.neoprog.eu\/index.php\/2023\/04\/19\/shoot-in\/#primaryimage"},"thumbnailUrl":"https:\/\/www.blog.neoprog.eu\/wp-content\/uploads\/2023\/04\/bagages.jpg","datePublished":"2023-04-19T06:00:00+00:00","description":"Il y a quelques temps, Didier le frontman du groupe Plus 33 m\u2019a demand\u00e9 si j\u2019\u00e9tais partant pour r\u00e9aliser des photos pour leur prochain album.","breadcrumb":{"@id":"https:\/\/www.blog.neoprog.eu\/index.php\/2023\/04\/19\/shoot-in\/#breadcrumb"},"inLanguage":"fr-FR","potentialAction":[{"@type":"ReadAction","target":["https:\/\/www.blog.neoprog.eu\/index.php\/2023\/04\/19\/shoot-in\/"]}]},{"@type":"ImageObject","inLanguage":"fr-FR","@id":"https:\/\/www.blog.neoprog.eu\/index.php\/2023\/04\/19\/shoot-in\/#primaryimage","url":"https:\/\/www.blog.neoprog.eu\/wp-content\/uploads\/2023\/04\/bagages.jpg","contentUrl":"https:\/\/www.blog.neoprog.eu\/wp-content\/uploads\/2023\/04\/bagages.jpg","width":1024,"height":768},{"@type":"BreadcrumbList","@id":"https:\/\/www.blog.neoprog.eu\/index.php\/2023\/04\/19\/shoot-in\/#breadcrumb","itemListElement":[{"@type":"ListItem","position":1,"name":"Home","item":"https:\/\/www.blog.neoprog.eu\/"},{"@type":"ListItem","position":2,"name":"Shoot in !"}]},{"@type":"WebSite","@id":"https:\/\/www.blog.neoprog.eu\/#website","url":"https:\/\/www.blog.neoprog.eu\/","name":"Le Blog du N\u00e9oprog","description":"","publisher":{"@id":"https:\/\/www.blog.neoprog.eu\/#\/schema\/person\/47c594bf12736b172b772f0f02bcf511"},"potentialAction":[{"@type":"SearchAction","target":{"@type":"EntryPoint","urlTemplate":"https:\/\/www.blog.neoprog.eu\/?s={search_term_string}"},"query-input":{"@type":"PropertyValueSpecification","valueRequired":true,"valueName":"search_term_string"}}],"inLanguage":"fr-FR"},{"@type":["Person","Organization"],"@id":"https:\/\/www.blog.neoprog.eu\/#\/schema\/person\/47c594bf12736b172b772f0f02bcf511","name":"Neoprog","image":{"@type":"ImageObject","inLanguage":"fr-FR","@id":"https:\/\/www.blog.neoprog.eu\/wp-content\/uploads\/2022\/09\/autoportrait-2.jpg","url":"https:\/\/www.blog.neoprog.eu\/wp-content\/uploads\/2022\/09\/autoportrait-2.jpg","contentUrl":"https:\/\/www.blog.neoprog.eu\/wp-content\/uploads\/2022\/09\/autoportrait-2.jpg","width":1024,"height":681,"caption":"Neoprog"},"logo":{"@id":"https:\/\/www.blog.neoprog.eu\/wp-content\/uploads\/2022\/09\/autoportrait-2.jpg"}}]}},"_links":{"self":[{"href":"https:\/\/www.blog.neoprog.eu\/index.php\/wp-json\/wp\/v2\/posts\/9028","targetHints":{"allow":["GET"]}}],"collection":[{"href":"https:\/\/www.blog.neoprog.eu\/index.php\/wp-json\/wp\/v2\/posts"}],"about":[{"href":"https:\/\/www.blog.neoprog.eu\/index.php\/wp-json\/wp\/v2\/types\/post"}],"author":[{"embeddable":true,"href":"https:\/\/www.blog.neoprog.eu\/index.php\/wp-json\/wp\/v2\/users\/1"}],"replies":[{"embeddable":true,"href":"https:\/\/www.blog.neoprog.eu\/index.php\/wp-json\/wp\/v2\/comments?post=9028"}],"version-history":[{"count":6,"href":"https:\/\/www.blog.neoprog.eu\/index.php\/wp-json\/wp\/v2\/posts\/9028\/revisions"}],"predecessor-version":[{"id":9061,"href":"https:\/\/www.blog.neoprog.eu\/index.php\/wp-json\/wp\/v2\/posts\/9028\/revisions\/9061"}],"wp:featuredmedia":[{"embeddable":true,"href":"https:\/\/www.blog.neoprog.eu\/index.php\/wp-json\/wp\/v2\/media\/9029"}],"wp:attachment":[{"href":"https:\/\/www.blog.neoprog.eu\/index.php\/wp-json\/wp\/v2\/media?parent=9028"}],"wp:term":[{"taxonomy":"category","embeddable":true,"href":"https:\/\/www.blog.neoprog.eu\/index.php\/wp-json\/wp\/v2\/categories?post=9028"},{"taxonomy":"post_tag","embeddable":true,"href":"https:\/\/www.blog.neoprog.eu\/index.php\/wp-json\/wp\/v2\/tags?post=9028"}],"curies":[{"name":"wp","href":"https:\/\/api.w.org\/{rel}","templated":true}]}}