{"id":9376,"date":"2023-08-09T08:00:00","date_gmt":"2023-08-09T06:00:00","guid":{"rendered":"http:\/\/www.blog.neoprog.eu\/?p=9376"},"modified":"2023-08-03T17:29:41","modified_gmt":"2023-08-03T15:29:41","slug":"une-promenade-a-besancon","status":"publish","type":"post","link":"https:\/\/www.blog.neoprog.eu\/index.php\/2023\/08\/09\/une-promenade-a-besancon\/","title":{"rendered":"Une promenade \u00e0 Besan\u00e7on"},"content":{"rendered":"\n<figure class=\"wp-block-image size-full\"><img loading=\"lazy\" decoding=\"async\" width=\"1024\" height=\"768\" src=\"https:\/\/www.blog.neoprog.eu\/wp-content\/uploads\/2023\/08\/Promenade-a-Besancon-6.jpg\" alt=\"\" class=\"wp-image-9379\" srcset=\"https:\/\/www.blog.neoprog.eu\/wp-content\/uploads\/2023\/08\/Promenade-a-Besancon-6.jpg 1024w, https:\/\/www.blog.neoprog.eu\/wp-content\/uploads\/2023\/08\/Promenade-a-Besancon-6-300x225.jpg 300w, https:\/\/www.blog.neoprog.eu\/wp-content\/uploads\/2023\/08\/Promenade-a-Besancon-6-768x576.jpg 768w, https:\/\/www.blog.neoprog.eu\/wp-content\/uploads\/2023\/08\/Promenade-a-Besancon-6-400x300.jpg 400w\" sizes=\"auto, (max-width: 1024px) 100vw, 1024px\" \/><\/figure>\n\n\n\n<p>Strasbourg Besan\u00e7on c\u2019est moins de deux heures en TGV. Cela tombe bien puisque je m\u2019y rends souvent pour le travail depuis que le chef de centre a d\u00e9missionn\u00e9 de ses fonctions.<\/p>\n\n\n\n<figure class=\"wp-block-image size-full\"><img loading=\"lazy\" decoding=\"async\" width=\"1024\" height=\"705\" src=\"https:\/\/www.blog.neoprog.eu\/wp-content\/uploads\/2023\/08\/Promenade-a-Besancon-5.jpg\" alt=\"\" class=\"wp-image-9380\" srcset=\"https:\/\/www.blog.neoprog.eu\/wp-content\/uploads\/2023\/08\/Promenade-a-Besancon-5.jpg 1024w, https:\/\/www.blog.neoprog.eu\/wp-content\/uploads\/2023\/08\/Promenade-a-Besancon-5-300x207.jpg 300w, https:\/\/www.blog.neoprog.eu\/wp-content\/uploads\/2023\/08\/Promenade-a-Besancon-5-768x529.jpg 768w, https:\/\/www.blog.neoprog.eu\/wp-content\/uploads\/2023\/08\/Promenade-a-Besancon-5-436x300.jpg 436w\" sizes=\"auto, (max-width: 1024px) 100vw, 1024px\" \/><\/figure>\n\n\n\n<p>Sauf que lorsque le train avait quinze minutes de retard et que les travaux du tram m\u2019obligeaient \u00e0 prendre un bus pour rejoindre la gare en plus d\u2019une heure. Un trajet au final plus de trois heures. J\u2019aurais mieux fait de prendre la voiture.<\/p>\n\n\n\n<figure class=\"wp-block-image size-full\"><img loading=\"lazy\" decoding=\"async\" width=\"768\" height=\"1024\" src=\"https:\/\/www.blog.neoprog.eu\/wp-content\/uploads\/2023\/08\/Promenade-a-Besancon-7.jpg\" alt=\"\" class=\"wp-image-9390\" srcset=\"https:\/\/www.blog.neoprog.eu\/wp-content\/uploads\/2023\/08\/Promenade-a-Besancon-7.jpg 768w, https:\/\/www.blog.neoprog.eu\/wp-content\/uploads\/2023\/08\/Promenade-a-Besancon-7-225x300.jpg 225w\" sizes=\"auto, (max-width: 768px) 100vw, 768px\" \/><\/figure>\n\n\n\n<p>Malgr\u00e9 la pluie et une journ\u00e9e laborieuse, je suis all\u00e9 me promener au centre ville en soir\u00e9e, \u00e9quip\u00e9 de mon G9 qui me suit lors de mes d\u00e9placements. Une promenade le long des quais du Doubs et dans les rues de la vieille ville.<\/p>\n\n\n\n<figure class=\"wp-block-image size-full\"><img loading=\"lazy\" decoding=\"async\" width=\"768\" height=\"1024\" src=\"https:\/\/www.blog.neoprog.eu\/wp-content\/uploads\/2023\/08\/Promenade-a-Besancon-2-1.jpg\" alt=\"\" class=\"wp-image-9391\" srcset=\"https:\/\/www.blog.neoprog.eu\/wp-content\/uploads\/2023\/08\/Promenade-a-Besancon-2-1.jpg 768w, https:\/\/www.blog.neoprog.eu\/wp-content\/uploads\/2023\/08\/Promenade-a-Besancon-2-1-225x300.jpg 225w\" sizes=\"auto, (max-width: 768px) 100vw, 768px\" \/><\/figure>\n\n\n\n<p>Besan\u00e7on est une petite ville de province en comparaison de Strasbourg et le soir, certaines rues charmantes au demeurant, craignent un petit peu, voir beaucoup. N\u2019emp\u00eache, j\u2019avais envie de faire quelque photos histoire de ne pas revenir bredouille.<\/p>\n\n\n\n<figure class=\"wp-block-image size-full\"><img loading=\"lazy\" decoding=\"async\" width=\"1024\" height=\"1024\" src=\"https:\/\/www.blog.neoprog.eu\/wp-content\/uploads\/2023\/08\/Promenade-a-Besancon-4.jpg\" alt=\"\" class=\"wp-image-9381\" srcset=\"https:\/\/www.blog.neoprog.eu\/wp-content\/uploads\/2023\/08\/Promenade-a-Besancon-4.jpg 1024w, https:\/\/www.blog.neoprog.eu\/wp-content\/uploads\/2023\/08\/Promenade-a-Besancon-4-300x300.jpg 300w, https:\/\/www.blog.neoprog.eu\/wp-content\/uploads\/2023\/08\/Promenade-a-Besancon-4-150x150.jpg 150w, https:\/\/www.blog.neoprog.eu\/wp-content\/uploads\/2023\/08\/Promenade-a-Besancon-4-768x768.jpg 768w\" sizes=\"auto, (max-width: 1024px) 100vw, 1024px\" \/><\/figure>\n\n\n\n<p>Quais d\u00e9serts, places vides, rares terrasses \u00e9clair\u00e9es, trams ramenant les banlieusards moroses chez eux, quelques altercations au bord de l\u2019eau, l\u2019atmosph\u00e8re de la ville, presque d\u00e9j\u00e0 endormie \u00e0 21h me semblait surr\u00e9aliste.<\/p>\n\n\n\n<figure class=\"wp-block-image size-full\"><img loading=\"lazy\" decoding=\"async\" width=\"768\" height=\"1024\" src=\"https:\/\/www.blog.neoprog.eu\/wp-content\/uploads\/2023\/08\/Promenade-a-Besancon-3.jpg\" alt=\"\" class=\"wp-image-9382\" srcset=\"https:\/\/www.blog.neoprog.eu\/wp-content\/uploads\/2023\/08\/Promenade-a-Besancon-3.jpg 768w, https:\/\/www.blog.neoprog.eu\/wp-content\/uploads\/2023\/08\/Promenade-a-Besancon-3-225x300.jpg 225w\" sizes=\"auto, (max-width: 768px) 100vw, 768px\" \/><\/figure>\n\n\n\n<p>J\u2019ai march\u00e9 sur les pav\u00e9s le long du Doubs, au pied de la ville \u00e0 laquelle on acc\u00e8de par un passage souterrain, j\u2019ai admir\u00e9 le Minotaure en b\u00e9ton qui se dresse sur une petite \u00eele, j\u2019ai arpent\u00e9 une place min\u00e9rale d\u00e9serte pav\u00e9e de pierres jaunes, gliss\u00e9 mon appareil photo entre les barreaux du portail d\u2019un hospice silencieux, espionn\u00e9 une terrasse de caf\u00e9 follement anim\u00e9e en comparaison du reste de la ville, photographi\u00e9 un pont tagu\u00e9 franchissant la rivi\u00e8re et comme les averses revenaient, j\u2019ai retrouv\u00e9 l\u2019h\u00f4tel 3 \u00e9toiles bruyant dans un quartier moche en bordure de la rocade.<\/p>\n\n\n\n<figure class=\"wp-block-image size-full\"><img loading=\"lazy\" decoding=\"async\" width=\"1024\" height=\"768\" src=\"https:\/\/www.blog.neoprog.eu\/wp-content\/uploads\/2023\/08\/Promenade-a-Besancon-1.jpg\" alt=\"\" class=\"wp-image-9383\" srcset=\"https:\/\/www.blog.neoprog.eu\/wp-content\/uploads\/2023\/08\/Promenade-a-Besancon-1.jpg 1024w, https:\/\/www.blog.neoprog.eu\/wp-content\/uploads\/2023\/08\/Promenade-a-Besancon-1-300x225.jpg 300w, https:\/\/www.blog.neoprog.eu\/wp-content\/uploads\/2023\/08\/Promenade-a-Besancon-1-768x576.jpg 768w, https:\/\/www.blog.neoprog.eu\/wp-content\/uploads\/2023\/08\/Promenade-a-Besancon-1-400x300.jpg 400w\" sizes=\"auto, (max-width: 1024px) 100vw, 1024px\" \/><\/figure>\n\n\n\n<p>Le lendemain, apr\u00e8s une matin\u00e9e encore bien charg\u00e9e,&nbsp; j\u2019ai repris le TGV dans l\u2019autre sens, cette fois-ci il avait une heure de retard. Un retour qui a pris plus de quatre heures pendant lesquelles j\u2019ai trait\u00e9 des soucis budg\u00e9taires sur le r\u00e9seau wifi poussif de la SNCF. J\u2019y retourne bient\u00f4t, pour de nouvelles photos peut-\u00eatre, mais surtout pour travailler.<\/p>\n","protected":false},"excerpt":{"rendered":"<p>Strasbourg Besan\u00e7on c\u2019est moins de deux heures en TGV.  <a href=\"https:\/\/www.blog.neoprog.eu\/index.php\/2023\/08\/09\/une-promenade-a-besancon\/\">Continuer la lecture <span class=\"meta-nav\">&rarr;<\/span><\/a><\/p>\n","protected":false},"author":1,"featured_media":9379,"comment_status":"open","ping_status":"open","sticky":false,"template":"","format":"image","meta":{"footnotes":""},"categories":[59,7,589],"tags":[2890,875,2891,600,435,400],"class_list":["post-9376","post","type-post","status-publish","format-image","has-post-thumbnail","hentry","category-humeur","category-photo","category-travail","tag-besancon","tag-photographie","tag-province","tag-tgv","tag-tram","tag-ville","post_format-post-format-image"],"yoast_head":"<!-- This site is optimized with the Yoast SEO plugin v27.4 - https:\/\/yoast.com\/product\/yoast-seo-wordpress\/ -->\n<title>Une promenade \u00e0 Besan\u00e7on - Le Blog du N\u00e9oprog<\/title>\n<meta name=\"description\" content=\"Strasbourg Besan\u00e7on c\u2019est moins de deux heures en TGV.\" \/>\n<meta name=\"robots\" content=\"index, follow, max-snippet:-1, max-image-preview:large, max-video-preview:-1\" \/>\n<link rel=\"canonical\" href=\"https:\/\/www.blog.neoprog.eu\/index.php\/2023\/08\/09\/une-promenade-a-besancon\/\" \/>\n<meta property=\"og:locale\" content=\"fr_FR\" \/>\n<meta property=\"og:type\" content=\"article\" \/>\n<meta property=\"og:title\" content=\"Une promenade \u00e0 Besan\u00e7on - Le Blog du N\u00e9oprog\" \/>\n<meta property=\"og:description\" content=\"Strasbourg Besan\u00e7on c\u2019est moins de deux heures en TGV.\" \/>\n<meta property=\"og:url\" content=\"https:\/\/www.blog.neoprog.eu\/index.php\/2023\/08\/09\/une-promenade-a-besancon\/\" \/>\n<meta property=\"og:site_name\" content=\"Le Blog du N\u00e9oprog\" \/>\n<meta property=\"article:published_time\" content=\"2023-08-09T06:00:00+00:00\" \/>\n<meta property=\"og:image\" content=\"https:\/\/www.blog.neoprog.eu\/wp-content\/uploads\/2023\/08\/Promenade-a-Besancon-6.jpg\" \/>\n\t<meta property=\"og:image:width\" content=\"1024\" \/>\n\t<meta property=\"og:image:height\" content=\"768\" \/>\n\t<meta property=\"og:image:type\" content=\"image\/jpeg\" \/>\n<meta name=\"author\" content=\"Neoprog\" \/>\n<meta name=\"twitter:card\" content=\"summary_large_image\" \/>\n<meta name=\"twitter:creator\" content=\"@Le_Brun_JC\" \/>\n<meta name=\"twitter:site\" content=\"@Le_Brun_JC\" \/>\n<meta name=\"twitter:label1\" content=\"\u00c9crit par\" \/>\n\t<meta name=\"twitter:data1\" content=\"Neoprog\" \/>\n\t<meta name=\"twitter:label2\" content=\"Dur\u00e9e de lecture estim\u00e9e\" \/>\n\t<meta name=\"twitter:data2\" content=\"4 minutes\" \/>\n<script type=\"application\/ld+json\" class=\"yoast-schema-graph\">{\"@context\":\"https:\\\/\\\/schema.org\",\"@graph\":[{\"@type\":\"Article\",\"@id\":\"https:\\\/\\\/www.blog.neoprog.eu\\\/index.php\\\/2023\\\/08\\\/09\\\/une-promenade-a-besancon\\\/#article\",\"isPartOf\":{\"@id\":\"https:\\\/\\\/www.blog.neoprog.eu\\\/index.php\\\/2023\\\/08\\\/09\\\/une-promenade-a-besancon\\\/\"},\"author\":{\"name\":\"Neoprog\",\"@id\":\"https:\\\/\\\/www.blog.neoprog.eu\\\/#\\\/schema\\\/person\\\/47c594bf12736b172b772f0f02bcf511\"},\"headline\":\"Une promenade \u00e0 Besan\u00e7on\",\"datePublished\":\"2023-08-09T06:00:00+00:00\",\"mainEntityOfPage\":{\"@id\":\"https:\\\/\\\/www.blog.neoprog.eu\\\/index.php\\\/2023\\\/08\\\/09\\\/une-promenade-a-besancon\\\/\"},\"wordCount\":394,\"commentCount\":0,\"publisher\":{\"@id\":\"https:\\\/\\\/www.blog.neoprog.eu\\\/#\\\/schema\\\/person\\\/47c594bf12736b172b772f0f02bcf511\"},\"image\":{\"@id\":\"https:\\\/\\\/www.blog.neoprog.eu\\\/index.php\\\/2023\\\/08\\\/09\\\/une-promenade-a-besancon\\\/#primaryimage\"},\"thumbnailUrl\":\"https:\\\/\\\/www.blog.neoprog.eu\\\/wp-content\\\/uploads\\\/2023\\\/08\\\/Promenade-a-Besancon-6.jpg\",\"keywords\":[\"Besan\u00e7on\",\"photographie\",\"province\",\"TGV\",\"Tram\",\"ville\"],\"articleSection\":[\"Humeurs\",\"Photo\",\"travail\"],\"inLanguage\":\"fr-FR\",\"potentialAction\":[{\"@type\":\"CommentAction\",\"name\":\"Comment\",\"target\":[\"https:\\\/\\\/www.blog.neoprog.eu\\\/index.php\\\/2023\\\/08\\\/09\\\/une-promenade-a-besancon\\\/#respond\"]}]},{\"@type\":\"WebPage\",\"@id\":\"https:\\\/\\\/www.blog.neoprog.eu\\\/index.php\\\/2023\\\/08\\\/09\\\/une-promenade-a-besancon\\\/\",\"url\":\"https:\\\/\\\/www.blog.neoprog.eu\\\/index.php\\\/2023\\\/08\\\/09\\\/une-promenade-a-besancon\\\/\",\"name\":\"Une promenade \u00e0 Besan\u00e7on - Le Blog du N\u00e9oprog\",\"isPartOf\":{\"@id\":\"https:\\\/\\\/www.blog.neoprog.eu\\\/#website\"},\"primaryImageOfPage\":{\"@id\":\"https:\\\/\\\/www.blog.neoprog.eu\\\/index.php\\\/2023\\\/08\\\/09\\\/une-promenade-a-besancon\\\/#primaryimage\"},\"image\":{\"@id\":\"https:\\\/\\\/www.blog.neoprog.eu\\\/index.php\\\/2023\\\/08\\\/09\\\/une-promenade-a-besancon\\\/#primaryimage\"},\"thumbnailUrl\":\"https:\\\/\\\/www.blog.neoprog.eu\\\/wp-content\\\/uploads\\\/2023\\\/08\\\/Promenade-a-Besancon-6.jpg\",\"datePublished\":\"2023-08-09T06:00:00+00:00\",\"description\":\"Strasbourg Besan\u00e7on c\u2019est moins de deux heures en TGV.\",\"breadcrumb\":{\"@id\":\"https:\\\/\\\/www.blog.neoprog.eu\\\/index.php\\\/2023\\\/08\\\/09\\\/une-promenade-a-besancon\\\/#breadcrumb\"},\"inLanguage\":\"fr-FR\",\"potentialAction\":[{\"@type\":\"ReadAction\",\"target\":[\"https:\\\/\\\/www.blog.neoprog.eu\\\/index.php\\\/2023\\\/08\\\/09\\\/une-promenade-a-besancon\\\/\"]}]},{\"@type\":\"ImageObject\",\"inLanguage\":\"fr-FR\",\"@id\":\"https:\\\/\\\/www.blog.neoprog.eu\\\/index.php\\\/2023\\\/08\\\/09\\\/une-promenade-a-besancon\\\/#primaryimage\",\"url\":\"https:\\\/\\\/www.blog.neoprog.eu\\\/wp-content\\\/uploads\\\/2023\\\/08\\\/Promenade-a-Besancon-6.jpg\",\"contentUrl\":\"https:\\\/\\\/www.blog.neoprog.eu\\\/wp-content\\\/uploads\\\/2023\\\/08\\\/Promenade-a-Besancon-6.jpg\",\"width\":1024,\"height\":768},{\"@type\":\"BreadcrumbList\",\"@id\":\"https:\\\/\\\/www.blog.neoprog.eu\\\/index.php\\\/2023\\\/08\\\/09\\\/une-promenade-a-besancon\\\/#breadcrumb\",\"itemListElement\":[{\"@type\":\"ListItem\",\"position\":1,\"name\":\"Home\",\"item\":\"https:\\\/\\\/www.blog.neoprog.eu\\\/\"},{\"@type\":\"ListItem\",\"position\":2,\"name\":\"Une promenade \u00e0 Besan\u00e7on\"}]},{\"@type\":\"WebSite\",\"@id\":\"https:\\\/\\\/www.blog.neoprog.eu\\\/#website\",\"url\":\"https:\\\/\\\/www.blog.neoprog.eu\\\/\",\"name\":\"Le Blog du N\u00e9oprog\",\"description\":\"\",\"publisher\":{\"@id\":\"https:\\\/\\\/www.blog.neoprog.eu\\\/#\\\/schema\\\/person\\\/47c594bf12736b172b772f0f02bcf511\"},\"potentialAction\":[{\"@type\":\"SearchAction\",\"target\":{\"@type\":\"EntryPoint\",\"urlTemplate\":\"https:\\\/\\\/www.blog.neoprog.eu\\\/?s={search_term_string}\"},\"query-input\":{\"@type\":\"PropertyValueSpecification\",\"valueRequired\":true,\"valueName\":\"search_term_string\"}}],\"inLanguage\":\"fr-FR\"},{\"@type\":[\"Person\",\"Organization\"],\"@id\":\"https:\\\/\\\/www.blog.neoprog.eu\\\/#\\\/schema\\\/person\\\/47c594bf12736b172b772f0f02bcf511\",\"name\":\"Neoprog\",\"image\":{\"@type\":\"ImageObject\",\"inLanguage\":\"fr-FR\",\"@id\":\"https:\\\/\\\/www.blog.neoprog.eu\\\/wp-content\\\/uploads\\\/2022\\\/09\\\/autoportrait-2.jpg\",\"url\":\"https:\\\/\\\/www.blog.neoprog.eu\\\/wp-content\\\/uploads\\\/2022\\\/09\\\/autoportrait-2.jpg\",\"contentUrl\":\"https:\\\/\\\/www.blog.neoprog.eu\\\/wp-content\\\/uploads\\\/2022\\\/09\\\/autoportrait-2.jpg\",\"width\":1024,\"height\":681,\"caption\":\"Neoprog\"},\"logo\":{\"@id\":\"https:\\\/\\\/www.blog.neoprog.eu\\\/wp-content\\\/uploads\\\/2022\\\/09\\\/autoportrait-2.jpg\"}}]}<\/script>\n<!-- \/ Yoast SEO plugin. -->","yoast_head_json":{"title":"Une promenade \u00e0 Besan\u00e7on - Le Blog du N\u00e9oprog","description":"Strasbourg Besan\u00e7on c\u2019est moins de deux heures en TGV.","robots":{"index":"index","follow":"follow","max-snippet":"max-snippet:-1","max-image-preview":"max-image-preview:large","max-video-preview":"max-video-preview:-1"},"canonical":"https:\/\/www.blog.neoprog.eu\/index.php\/2023\/08\/09\/une-promenade-a-besancon\/","og_locale":"fr_FR","og_type":"article","og_title":"Une promenade \u00e0 Besan\u00e7on - Le Blog du N\u00e9oprog","og_description":"Strasbourg Besan\u00e7on c\u2019est moins de deux heures en TGV.","og_url":"https:\/\/www.blog.neoprog.eu\/index.php\/2023\/08\/09\/une-promenade-a-besancon\/","og_site_name":"Le Blog du N\u00e9oprog","article_published_time":"2023-08-09T06:00:00+00:00","og_image":[{"width":1024,"height":768,"url":"https:\/\/www.blog.neoprog.eu\/wp-content\/uploads\/2023\/08\/Promenade-a-Besancon-6.jpg","type":"image\/jpeg"}],"author":"Neoprog","twitter_card":"summary_large_image","twitter_creator":"@Le_Brun_JC","twitter_site":"@Le_Brun_JC","twitter_misc":{"\u00c9crit par":"Neoprog","Dur\u00e9e de lecture estim\u00e9e":"4 minutes"},"schema":{"@context":"https:\/\/schema.org","@graph":[{"@type":"Article","@id":"https:\/\/www.blog.neoprog.eu\/index.php\/2023\/08\/09\/une-promenade-a-besancon\/#article","isPartOf":{"@id":"https:\/\/www.blog.neoprog.eu\/index.php\/2023\/08\/09\/une-promenade-a-besancon\/"},"author":{"name":"Neoprog","@id":"https:\/\/www.blog.neoprog.eu\/#\/schema\/person\/47c594bf12736b172b772f0f02bcf511"},"headline":"Une promenade \u00e0 Besan\u00e7on","datePublished":"2023-08-09T06:00:00+00:00","mainEntityOfPage":{"@id":"https:\/\/www.blog.neoprog.eu\/index.php\/2023\/08\/09\/une-promenade-a-besancon\/"},"wordCount":394,"commentCount":0,"publisher":{"@id":"https:\/\/www.blog.neoprog.eu\/#\/schema\/person\/47c594bf12736b172b772f0f02bcf511"},"image":{"@id":"https:\/\/www.blog.neoprog.eu\/index.php\/2023\/08\/09\/une-promenade-a-besancon\/#primaryimage"},"thumbnailUrl":"https:\/\/www.blog.neoprog.eu\/wp-content\/uploads\/2023\/08\/Promenade-a-Besancon-6.jpg","keywords":["Besan\u00e7on","photographie","province","TGV","Tram","ville"],"articleSection":["Humeurs","Photo","travail"],"inLanguage":"fr-FR","potentialAction":[{"@type":"CommentAction","name":"Comment","target":["https:\/\/www.blog.neoprog.eu\/index.php\/2023\/08\/09\/une-promenade-a-besancon\/#respond"]}]},{"@type":"WebPage","@id":"https:\/\/www.blog.neoprog.eu\/index.php\/2023\/08\/09\/une-promenade-a-besancon\/","url":"https:\/\/www.blog.neoprog.eu\/index.php\/2023\/08\/09\/une-promenade-a-besancon\/","name":"Une promenade \u00e0 Besan\u00e7on - Le Blog du N\u00e9oprog","isPartOf":{"@id":"https:\/\/www.blog.neoprog.eu\/#website"},"primaryImageOfPage":{"@id":"https:\/\/www.blog.neoprog.eu\/index.php\/2023\/08\/09\/une-promenade-a-besancon\/#primaryimage"},"image":{"@id":"https:\/\/www.blog.neoprog.eu\/index.php\/2023\/08\/09\/une-promenade-a-besancon\/#primaryimage"},"thumbnailUrl":"https:\/\/www.blog.neoprog.eu\/wp-content\/uploads\/2023\/08\/Promenade-a-Besancon-6.jpg","datePublished":"2023-08-09T06:00:00+00:00","description":"Strasbourg Besan\u00e7on c\u2019est moins de deux heures en TGV.","breadcrumb":{"@id":"https:\/\/www.blog.neoprog.eu\/index.php\/2023\/08\/09\/une-promenade-a-besancon\/#breadcrumb"},"inLanguage":"fr-FR","potentialAction":[{"@type":"ReadAction","target":["https:\/\/www.blog.neoprog.eu\/index.php\/2023\/08\/09\/une-promenade-a-besancon\/"]}]},{"@type":"ImageObject","inLanguage":"fr-FR","@id":"https:\/\/www.blog.neoprog.eu\/index.php\/2023\/08\/09\/une-promenade-a-besancon\/#primaryimage","url":"https:\/\/www.blog.neoprog.eu\/wp-content\/uploads\/2023\/08\/Promenade-a-Besancon-6.jpg","contentUrl":"https:\/\/www.blog.neoprog.eu\/wp-content\/uploads\/2023\/08\/Promenade-a-Besancon-6.jpg","width":1024,"height":768},{"@type":"BreadcrumbList","@id":"https:\/\/www.blog.neoprog.eu\/index.php\/2023\/08\/09\/une-promenade-a-besancon\/#breadcrumb","itemListElement":[{"@type":"ListItem","position":1,"name":"Home","item":"https:\/\/www.blog.neoprog.eu\/"},{"@type":"ListItem","position":2,"name":"Une promenade \u00e0 Besan\u00e7on"}]},{"@type":"WebSite","@id":"https:\/\/www.blog.neoprog.eu\/#website","url":"https:\/\/www.blog.neoprog.eu\/","name":"Le Blog du N\u00e9oprog","description":"","publisher":{"@id":"https:\/\/www.blog.neoprog.eu\/#\/schema\/person\/47c594bf12736b172b772f0f02bcf511"},"potentialAction":[{"@type":"SearchAction","target":{"@type":"EntryPoint","urlTemplate":"https:\/\/www.blog.neoprog.eu\/?s={search_term_string}"},"query-input":{"@type":"PropertyValueSpecification","valueRequired":true,"valueName":"search_term_string"}}],"inLanguage":"fr-FR"},{"@type":["Person","Organization"],"@id":"https:\/\/www.blog.neoprog.eu\/#\/schema\/person\/47c594bf12736b172b772f0f02bcf511","name":"Neoprog","image":{"@type":"ImageObject","inLanguage":"fr-FR","@id":"https:\/\/www.blog.neoprog.eu\/wp-content\/uploads\/2022\/09\/autoportrait-2.jpg","url":"https:\/\/www.blog.neoprog.eu\/wp-content\/uploads\/2022\/09\/autoportrait-2.jpg","contentUrl":"https:\/\/www.blog.neoprog.eu\/wp-content\/uploads\/2022\/09\/autoportrait-2.jpg","width":1024,"height":681,"caption":"Neoprog"},"logo":{"@id":"https:\/\/www.blog.neoprog.eu\/wp-content\/uploads\/2022\/09\/autoportrait-2.jpg"}}]}},"_links":{"self":[{"href":"https:\/\/www.blog.neoprog.eu\/index.php\/wp-json\/wp\/v2\/posts\/9376","targetHints":{"allow":["GET"]}}],"collection":[{"href":"https:\/\/www.blog.neoprog.eu\/index.php\/wp-json\/wp\/v2\/posts"}],"about":[{"href":"https:\/\/www.blog.neoprog.eu\/index.php\/wp-json\/wp\/v2\/types\/post"}],"author":[{"embeddable":true,"href":"https:\/\/www.blog.neoprog.eu\/index.php\/wp-json\/wp\/v2\/users\/1"}],"replies":[{"embeddable":true,"href":"https:\/\/www.blog.neoprog.eu\/index.php\/wp-json\/wp\/v2\/comments?post=9376"}],"version-history":[{"count":3,"href":"https:\/\/www.blog.neoprog.eu\/index.php\/wp-json\/wp\/v2\/posts\/9376\/revisions"}],"predecessor-version":[{"id":9392,"href":"https:\/\/www.blog.neoprog.eu\/index.php\/wp-json\/wp\/v2\/posts\/9376\/revisions\/9392"}],"wp:featuredmedia":[{"embeddable":true,"href":"https:\/\/www.blog.neoprog.eu\/index.php\/wp-json\/wp\/v2\/media\/9379"}],"wp:attachment":[{"href":"https:\/\/www.blog.neoprog.eu\/index.php\/wp-json\/wp\/v2\/media?parent=9376"}],"wp:term":[{"taxonomy":"category","embeddable":true,"href":"https:\/\/www.blog.neoprog.eu\/index.php\/wp-json\/wp\/v2\/categories?post=9376"},{"taxonomy":"post_tag","embeddable":true,"href":"https:\/\/www.blog.neoprog.eu\/index.php\/wp-json\/wp\/v2\/tags?post=9376"}],"curies":[{"name":"wp","href":"https:\/\/api.w.org\/{rel}","templated":true}]}}