{"id":9946,"date":"2023-11-27T08:00:00","date_gmt":"2023-11-27T07:00:00","guid":{"rendered":"http:\/\/www.blog.neoprog.eu\/?p=9946"},"modified":"2023-11-25T17:01:52","modified_gmt":"2023-11-25T16:01:52","slug":"plus-33-i-want","status":"publish","type":"post","link":"https:\/\/www.blog.neoprog.eu\/index.php\/2023\/11\/27\/plus-33-i-want\/","title":{"rendered":"Plus 33 &#8211; I Want"},"content":{"rendered":"\n<figure class=\"wp-block-image size-full\"><img loading=\"lazy\" decoding=\"async\" width=\"1024\" height=\"683\" src=\"https:\/\/www.blog.neoprog.eu\/wp-content\/uploads\/2023\/11\/Plus-33.jpg\" alt=\"\" class=\"wp-image-9947\" srcset=\"https:\/\/www.blog.neoprog.eu\/wp-content\/uploads\/2023\/11\/Plus-33.jpg 1024w, https:\/\/www.blog.neoprog.eu\/wp-content\/uploads\/2023\/11\/Plus-33-300x200.jpg 300w, https:\/\/www.blog.neoprog.eu\/wp-content\/uploads\/2023\/11\/Plus-33-768x512.jpg 768w, https:\/\/www.blog.neoprog.eu\/wp-content\/uploads\/2023\/11\/Plus-33-450x300.jpg 450w\" sizes=\"auto, (max-width: 1024px) 100vw, 1024px\" \/><\/figure>\n\n\n\n<p>Je connais Plus 33 depuis que Philippe Rau, le guitariste de <a href=\"https:\/\/www.blog.neoprog.eu\/index.php\/2023\/01\/18\/out5ide-au-rock-shop-cafe\/\">Out5ide<\/a>, m\u2019a annonc\u00e9 qu\u2019il participerait au second album du groupe. J\u2019ai \u00e9cout\u00e9 <a href=\"https:\/\/www.blog.neoprog.eu\/index.php\/2023\/02\/27\/plus-33-open-window\/\">Open Window<\/a>, leur premier opus et rencontr\u00e9 plus tard, lors d\u2019un concert, Didier Grillot, l\u2019homme derri\u00e8re le projet. De fil en aiguille, je me suis retrouv\u00e9 \u00e0 faire un shooting avec son groupe pour la sortie de l\u2019album I Want. Voil\u00e0 pourquoi, vous trouverez mon nom dans les cr\u00e9dits et remerciements de l\u2019album. Cela explique \u00e9galement la raison pour laquelle j\u2019ai re\u00e7u un exemplaire du CD il y a quelque temps d\u00e9j\u00e0.<\/p>\n\n\n\n<p>Plus 33 est une formation instrumentale alsacienne dans la mouvance prog atmosph\u00e9rique fusion o\u00f9 les claviers de Didier occupent un bel espace.<\/p>\n\n\n\n<p>I Want d\u00e9livre cinq morceaux dont trois d\u00e9passent les treize minutes. Oui, pas de doute, c\u2019est du prog.<\/p>\n\n\n\n<p>Claviers, guitares, basse, batterie, fl\u00fbte, saxophone, trombone, piano et orgues participent \u00e0 la musique de ce second opus avec quatre musiciens et plusieurs invit\u00e9s. Vous entendrez \u00e9galement des ch\u0153urs en la personne de Coralie Vuillemin et Yann Grillot comme narrateur sans parler de Lucas Grillot \u00e0 la guitare acoustique. Une histoire de famille.<\/p>\n\n\n\n<p>L\u2019album est made in Alsace puisqu\u2019il a \u00e9t\u00e9 enregistr\u00e9 dans le m\u00eame studio que le dernier Out5ide, \u00e0 Boersch, pas tr\u00e8s loin de chez moi.&nbsp;<\/p>\n\n\n\n<figure class=\"wp-block-image size-large\"><img loading=\"lazy\" decoding=\"async\" width=\"1024\" height=\"918\" src=\"https:\/\/www.blog.neoprog.eu\/wp-content\/uploads\/2023\/11\/I-Want-1024x918.jpeg\" alt=\"\" class=\"wp-image-9948\" srcset=\"https:\/\/www.blog.neoprog.eu\/wp-content\/uploads\/2023\/11\/I-Want-1024x918.jpeg 1024w, https:\/\/www.blog.neoprog.eu\/wp-content\/uploads\/2023\/11\/I-Want-300x269.jpeg 300w, https:\/\/www.blog.neoprog.eu\/wp-content\/uploads\/2023\/11\/I-Want-768x689.jpeg 768w, https:\/\/www.blog.neoprog.eu\/wp-content\/uploads\/2023\/11\/I-Want-335x300.jpeg 335w, https:\/\/www.blog.neoprog.eu\/wp-content\/uploads\/2023\/11\/I-Want.jpeg 1200w\" sizes=\"auto, (max-width: 1024px) 100vw, 1024px\" \/><\/figure>\n\n\n\n<p>Dans I Want on retrouve le style pianistique de compositeurs fran\u00e7ais classiques du d\u00e9but du vingti\u00e8me si\u00e8cle, tout particuli\u00e8rement dans le titre fleuve \u2018To Have\u2019 qui est un savant assemblage de pr\u00e8s de vingt minutes de musique. A contrario, \u2018To Know\u2019 jou\u00e9 \u00e0 la guitare par Lucas, est une pi\u00e8ce toute simple et pourtant d\u00e9licieuse.<\/p>\n\n\n\n<p>Je suis relativement mal \u00e0 l\u2019aise avec la fl\u00fbte dans ce titre et le texte d\u00e9clam\u00e9 de \u2018Ouvrir la Fen\u00eatre\u2019. Pour la fl\u00fbte, je n\u2019irai pas par quatre chemins, j\u2019ai entendu de bien meilleurs interpr\u00e9tation mais j\u2019ai cru comprendre que la fl\u00fbtiste avait d\u00fb improviser, technique avec laquelle elle n\u2019est pas \u00e0 l\u2019aise. Pour le texte parl\u00e9, c\u2019est un exercice pass\u00e9 de mode que l\u2019on retrouvait chez les grands anciens des seventies et dont je n\u2019ai jamais \u00e9t\u00e9 friand. Le choeurs de Coralie qui ouvrent \u2018To Be\u2019 font \u00e9galement dat\u00e9s et soyons clair, ce ne sont pas les s\u0153urs McBroom qui chantent ici. Je leur pr\u00e9f\u00e8re le th\u00e8me genesissien qui suit o\u00f9 la guitare de Philippe et les claviers de Didier font des \u00e9tincelles.<\/p>\n\n\n\n<p>Parlons maintenant de \u2018The Fleetings Moments Of Eternal Harmony\u2019, ce morceau tr\u00e8s cuivr\u00e9 de plus de treize minutes qui ouvre I Want. La premi\u00e8re chose qui saute aux oreilles est ce mixage tr\u00e8s clair, limite brillant de Mike et St\u00e9phane qui nous accompagne sur les cinq morceaux. Sur ce premier titre, il est particuli\u00e8rement marqu\u00e9 pour la batterie et les cuivres. Un son que nous n\u2019avons plus l\u2019habitude d\u2019\u00e9couter dans notre univers satur\u00e9 de basses. Le titre d\u2019ailleurs fait songer \u00e0 du Phil Collins sans le chant. Cela ne l\u2019emp\u00eache pas de s\u2019aventurer \u00e9galement sur des terrains plus orientalisants. Une grande pi\u00e8ce pour claviers tr\u00e8s rythm\u00e9e o\u00f9 chaque instrument poss\u00e8de son moment de gloire.<\/p>\n\n\n\n<p>Sur I Want je me d\u00e9lecte de quelques mouvements, mais rarement d\u2019un morceau entier.&nbsp; Seul le bref \u2018To Know\u2019 me convainc de bout en bout. L\u2019album n\u2019est pas parfait mais n\u2019oublions pas qu\u2019il s\u2019agit d\u2019un projet amateur.<\/p>\n\n\n\n<p>Les amoureux des seventies devraient y trouver leur bonheur. Alors n\u2019h\u00e9sitez pas \u00e0 l\u2019\u00e9couter, d\u2019autant qu\u2019il est sur <a href=\"https:\/\/plus33.bandcamp.com\/album\/open-window\">Bandcamp<\/a>.<\/p>\n\n\n\n<figure class=\"wp-block-embed is-type-video is-provider-youtube wp-block-embed-youtube wp-embed-aspect-16-9 wp-has-aspect-ratio\"><div class=\"wp-block-embed__wrapper\">\n<iframe loading=\"lazy\" title=\"Plus 33 - I Want\" width=\"584\" height=\"329\" src=\"https:\/\/www.youtube.com\/embed\/UlvTdVe5Nao?feature=oembed\" frameborder=\"0\" allow=\"accelerometer; autoplay; clipboard-write; encrypted-media; gyroscope; picture-in-picture; web-share\" referrerpolicy=\"strict-origin-when-cross-origin\" allowfullscreen><\/iframe>\n<\/div><\/figure>\n","protected":false},"excerpt":{"rendered":"<p>Plus 33 est une formation instrumentale alsacienne dans la mouvance prog atmosph\u00e9rique fusion o\u00f9 les claviers de Didier occupent un bel espace. <a href=\"https:\/\/www.blog.neoprog.eu\/index.php\/2023\/11\/27\/plus-33-i-want\/\">Continuer la lecture <span class=\"meta-nav\">&rarr;<\/span><\/a><\/p>\n","protected":false},"author":1,"featured_media":9947,"comment_status":"open","ping_status":"open","sticky":false,"template":"","format":"image","meta":{"footnotes":""},"categories":[1881,13],"tags":[311,3031,1883,2701,2739,622],"class_list":["post-9946","post","type-post","status-publish","format-image","has-post-thumbnail","hentry","category-musiques","category-rock-progressif","tag-alsace","tag-i-want","tag-instrumental","tag-out5ide","tag-plus-33","tag-rock-progressif","post_format-post-format-image"],"yoast_head":"<!-- This site is optimized with the Yoast SEO plugin v27.5 - https:\/\/yoast.com\/product\/yoast-seo-wordpress\/ -->\n<title>Plus 33 - I Want - Le Blog du N\u00e9oprog<\/title>\n<meta name=\"description\" content=\"Plus 33 est une formation instrumentale alsacienne dans la mouvance prog atmosph\u00e9rique fusion.\" \/>\n<meta name=\"robots\" content=\"index, follow, max-snippet:-1, max-image-preview:large, max-video-preview:-1\" \/>\n<link rel=\"canonical\" href=\"https:\/\/www.blog.neoprog.eu\/index.php\/2023\/11\/27\/plus-33-i-want\/\" \/>\n<meta property=\"og:locale\" content=\"fr_FR\" \/>\n<meta property=\"og:type\" content=\"article\" \/>\n<meta property=\"og:title\" content=\"Plus 33 - I Want - Le Blog du N\u00e9oprog\" \/>\n<meta property=\"og:description\" content=\"Plus 33 est une formation instrumentale alsacienne dans la mouvance prog atmosph\u00e9rique fusion.\" \/>\n<meta property=\"og:url\" content=\"https:\/\/www.blog.neoprog.eu\/index.php\/2023\/11\/27\/plus-33-i-want\/\" \/>\n<meta property=\"og:site_name\" content=\"Le Blog du N\u00e9oprog\" \/>\n<meta property=\"article:published_time\" content=\"2023-11-27T07:00:00+00:00\" \/>\n<meta property=\"og:image\" content=\"https:\/\/www.blog.neoprog.eu\/wp-content\/uploads\/2023\/11\/Plus-33.jpg\" \/>\n\t<meta property=\"og:image:width\" content=\"1024\" \/>\n\t<meta property=\"og:image:height\" content=\"683\" \/>\n\t<meta property=\"og:image:type\" content=\"image\/jpeg\" \/>\n<meta name=\"author\" content=\"Neoprog\" \/>\n<meta name=\"twitter:card\" content=\"summary_large_image\" \/>\n<meta name=\"twitter:creator\" content=\"@Le_Brun_JC\" \/>\n<meta name=\"twitter:site\" content=\"@Le_Brun_JC\" \/>\n<meta name=\"twitter:label1\" content=\"\u00c9crit par\" \/>\n\t<meta name=\"twitter:data1\" content=\"Neoprog\" \/>\n\t<meta name=\"twitter:label2\" content=\"Dur\u00e9e de lecture estim\u00e9e\" \/>\n\t<meta name=\"twitter:data2\" content=\"4 minutes\" \/>\n<script type=\"application\/ld+json\" class=\"yoast-schema-graph\">{\"@context\":\"https:\\\/\\\/schema.org\",\"@graph\":[{\"@type\":\"Article\",\"@id\":\"https:\\\/\\\/www.blog.neoprog.eu\\\/index.php\\\/2023\\\/11\\\/27\\\/plus-33-i-want\\\/#article\",\"isPartOf\":{\"@id\":\"https:\\\/\\\/www.blog.neoprog.eu\\\/index.php\\\/2023\\\/11\\\/27\\\/plus-33-i-want\\\/\"},\"author\":{\"name\":\"Neoprog\",\"@id\":\"https:\\\/\\\/www.blog.neoprog.eu\\\/#\\\/schema\\\/person\\\/47c594bf12736b172b772f0f02bcf511\"},\"headline\":\"Plus 33 &#8211; I Want\",\"datePublished\":\"2023-11-27T07:00:00+00:00\",\"mainEntityOfPage\":{\"@id\":\"https:\\\/\\\/www.blog.neoprog.eu\\\/index.php\\\/2023\\\/11\\\/27\\\/plus-33-i-want\\\/\"},\"wordCount\":644,\"commentCount\":0,\"publisher\":{\"@id\":\"https:\\\/\\\/www.blog.neoprog.eu\\\/#\\\/schema\\\/person\\\/47c594bf12736b172b772f0f02bcf511\"},\"image\":{\"@id\":\"https:\\\/\\\/www.blog.neoprog.eu\\\/index.php\\\/2023\\\/11\\\/27\\\/plus-33-i-want\\\/#primaryimage\"},\"thumbnailUrl\":\"https:\\\/\\\/www.blog.neoprog.eu\\\/wp-content\\\/uploads\\\/2023\\\/11\\\/Plus-33.jpg\",\"keywords\":[\"Alsace\",\"I Want\",\"instrumental\",\"Out5ide\",\"Plus 33\",\"rock progressif\"],\"articleSection\":[\"Musiques\",\"Rock progressif\"],\"inLanguage\":\"fr-FR\",\"potentialAction\":[{\"@type\":\"CommentAction\",\"name\":\"Comment\",\"target\":[\"https:\\\/\\\/www.blog.neoprog.eu\\\/index.php\\\/2023\\\/11\\\/27\\\/plus-33-i-want\\\/#respond\"]}]},{\"@type\":\"WebPage\",\"@id\":\"https:\\\/\\\/www.blog.neoprog.eu\\\/index.php\\\/2023\\\/11\\\/27\\\/plus-33-i-want\\\/\",\"url\":\"https:\\\/\\\/www.blog.neoprog.eu\\\/index.php\\\/2023\\\/11\\\/27\\\/plus-33-i-want\\\/\",\"name\":\"Plus 33 - I Want - Le Blog du N\u00e9oprog\",\"isPartOf\":{\"@id\":\"https:\\\/\\\/www.blog.neoprog.eu\\\/#website\"},\"primaryImageOfPage\":{\"@id\":\"https:\\\/\\\/www.blog.neoprog.eu\\\/index.php\\\/2023\\\/11\\\/27\\\/plus-33-i-want\\\/#primaryimage\"},\"image\":{\"@id\":\"https:\\\/\\\/www.blog.neoprog.eu\\\/index.php\\\/2023\\\/11\\\/27\\\/plus-33-i-want\\\/#primaryimage\"},\"thumbnailUrl\":\"https:\\\/\\\/www.blog.neoprog.eu\\\/wp-content\\\/uploads\\\/2023\\\/11\\\/Plus-33.jpg\",\"datePublished\":\"2023-11-27T07:00:00+00:00\",\"description\":\"Plus 33 est une formation instrumentale alsacienne dans la mouvance prog atmosph\u00e9rique fusion.\",\"breadcrumb\":{\"@id\":\"https:\\\/\\\/www.blog.neoprog.eu\\\/index.php\\\/2023\\\/11\\\/27\\\/plus-33-i-want\\\/#breadcrumb\"},\"inLanguage\":\"fr-FR\",\"potentialAction\":[{\"@type\":\"ReadAction\",\"target\":[\"https:\\\/\\\/www.blog.neoprog.eu\\\/index.php\\\/2023\\\/11\\\/27\\\/plus-33-i-want\\\/\"]}]},{\"@type\":\"ImageObject\",\"inLanguage\":\"fr-FR\",\"@id\":\"https:\\\/\\\/www.blog.neoprog.eu\\\/index.php\\\/2023\\\/11\\\/27\\\/plus-33-i-want\\\/#primaryimage\",\"url\":\"https:\\\/\\\/www.blog.neoprog.eu\\\/wp-content\\\/uploads\\\/2023\\\/11\\\/Plus-33.jpg\",\"contentUrl\":\"https:\\\/\\\/www.blog.neoprog.eu\\\/wp-content\\\/uploads\\\/2023\\\/11\\\/Plus-33.jpg\",\"width\":1024,\"height\":683},{\"@type\":\"BreadcrumbList\",\"@id\":\"https:\\\/\\\/www.blog.neoprog.eu\\\/index.php\\\/2023\\\/11\\\/27\\\/plus-33-i-want\\\/#breadcrumb\",\"itemListElement\":[{\"@type\":\"ListItem\",\"position\":1,\"name\":\"Home\",\"item\":\"https:\\\/\\\/www.blog.neoprog.eu\\\/\"},{\"@type\":\"ListItem\",\"position\":2,\"name\":\"Plus 33 &#8211; I Want\"}]},{\"@type\":\"WebSite\",\"@id\":\"https:\\\/\\\/www.blog.neoprog.eu\\\/#website\",\"url\":\"https:\\\/\\\/www.blog.neoprog.eu\\\/\",\"name\":\"Le Blog du N\u00e9oprog\",\"description\":\"\",\"publisher\":{\"@id\":\"https:\\\/\\\/www.blog.neoprog.eu\\\/#\\\/schema\\\/person\\\/47c594bf12736b172b772f0f02bcf511\"},\"potentialAction\":[{\"@type\":\"SearchAction\",\"target\":{\"@type\":\"EntryPoint\",\"urlTemplate\":\"https:\\\/\\\/www.blog.neoprog.eu\\\/?s={search_term_string}\"},\"query-input\":{\"@type\":\"PropertyValueSpecification\",\"valueRequired\":true,\"valueName\":\"search_term_string\"}}],\"inLanguage\":\"fr-FR\"},{\"@type\":[\"Person\",\"Organization\"],\"@id\":\"https:\\\/\\\/www.blog.neoprog.eu\\\/#\\\/schema\\\/person\\\/47c594bf12736b172b772f0f02bcf511\",\"name\":\"Neoprog\",\"image\":{\"@type\":\"ImageObject\",\"inLanguage\":\"fr-FR\",\"@id\":\"https:\\\/\\\/www.blog.neoprog.eu\\\/wp-content\\\/uploads\\\/2022\\\/09\\\/autoportrait-2.jpg\",\"url\":\"https:\\\/\\\/www.blog.neoprog.eu\\\/wp-content\\\/uploads\\\/2022\\\/09\\\/autoportrait-2.jpg\",\"contentUrl\":\"https:\\\/\\\/www.blog.neoprog.eu\\\/wp-content\\\/uploads\\\/2022\\\/09\\\/autoportrait-2.jpg\",\"width\":1024,\"height\":681,\"caption\":\"Neoprog\"},\"logo\":{\"@id\":\"https:\\\/\\\/www.blog.neoprog.eu\\\/wp-content\\\/uploads\\\/2022\\\/09\\\/autoportrait-2.jpg\"}}]}<\/script>\n<!-- \/ Yoast SEO plugin. -->","yoast_head_json":{"title":"Plus 33 - I Want - Le Blog du N\u00e9oprog","description":"Plus 33 est une formation instrumentale alsacienne dans la mouvance prog atmosph\u00e9rique fusion.","robots":{"index":"index","follow":"follow","max-snippet":"max-snippet:-1","max-image-preview":"max-image-preview:large","max-video-preview":"max-video-preview:-1"},"canonical":"https:\/\/www.blog.neoprog.eu\/index.php\/2023\/11\/27\/plus-33-i-want\/","og_locale":"fr_FR","og_type":"article","og_title":"Plus 33 - I Want - Le Blog du N\u00e9oprog","og_description":"Plus 33 est une formation instrumentale alsacienne dans la mouvance prog atmosph\u00e9rique fusion.","og_url":"https:\/\/www.blog.neoprog.eu\/index.php\/2023\/11\/27\/plus-33-i-want\/","og_site_name":"Le Blog du N\u00e9oprog","article_published_time":"2023-11-27T07:00:00+00:00","og_image":[{"width":1024,"height":683,"url":"https:\/\/www.blog.neoprog.eu\/wp-content\/uploads\/2023\/11\/Plus-33.jpg","type":"image\/jpeg"}],"author":"Neoprog","twitter_card":"summary_large_image","twitter_creator":"@Le_Brun_JC","twitter_site":"@Le_Brun_JC","twitter_misc":{"\u00c9crit par":"Neoprog","Dur\u00e9e de lecture estim\u00e9e":"4 minutes"},"schema":{"@context":"https:\/\/schema.org","@graph":[{"@type":"Article","@id":"https:\/\/www.blog.neoprog.eu\/index.php\/2023\/11\/27\/plus-33-i-want\/#article","isPartOf":{"@id":"https:\/\/www.blog.neoprog.eu\/index.php\/2023\/11\/27\/plus-33-i-want\/"},"author":{"name":"Neoprog","@id":"https:\/\/www.blog.neoprog.eu\/#\/schema\/person\/47c594bf12736b172b772f0f02bcf511"},"headline":"Plus 33 &#8211; I Want","datePublished":"2023-11-27T07:00:00+00:00","mainEntityOfPage":{"@id":"https:\/\/www.blog.neoprog.eu\/index.php\/2023\/11\/27\/plus-33-i-want\/"},"wordCount":644,"commentCount":0,"publisher":{"@id":"https:\/\/www.blog.neoprog.eu\/#\/schema\/person\/47c594bf12736b172b772f0f02bcf511"},"image":{"@id":"https:\/\/www.blog.neoprog.eu\/index.php\/2023\/11\/27\/plus-33-i-want\/#primaryimage"},"thumbnailUrl":"https:\/\/www.blog.neoprog.eu\/wp-content\/uploads\/2023\/11\/Plus-33.jpg","keywords":["Alsace","I Want","instrumental","Out5ide","Plus 33","rock progressif"],"articleSection":["Musiques","Rock progressif"],"inLanguage":"fr-FR","potentialAction":[{"@type":"CommentAction","name":"Comment","target":["https:\/\/www.blog.neoprog.eu\/index.php\/2023\/11\/27\/plus-33-i-want\/#respond"]}]},{"@type":"WebPage","@id":"https:\/\/www.blog.neoprog.eu\/index.php\/2023\/11\/27\/plus-33-i-want\/","url":"https:\/\/www.blog.neoprog.eu\/index.php\/2023\/11\/27\/plus-33-i-want\/","name":"Plus 33 - I Want - Le Blog du N\u00e9oprog","isPartOf":{"@id":"https:\/\/www.blog.neoprog.eu\/#website"},"primaryImageOfPage":{"@id":"https:\/\/www.blog.neoprog.eu\/index.php\/2023\/11\/27\/plus-33-i-want\/#primaryimage"},"image":{"@id":"https:\/\/www.blog.neoprog.eu\/index.php\/2023\/11\/27\/plus-33-i-want\/#primaryimage"},"thumbnailUrl":"https:\/\/www.blog.neoprog.eu\/wp-content\/uploads\/2023\/11\/Plus-33.jpg","datePublished":"2023-11-27T07:00:00+00:00","description":"Plus 33 est une formation instrumentale alsacienne dans la mouvance prog atmosph\u00e9rique fusion.","breadcrumb":{"@id":"https:\/\/www.blog.neoprog.eu\/index.php\/2023\/11\/27\/plus-33-i-want\/#breadcrumb"},"inLanguage":"fr-FR","potentialAction":[{"@type":"ReadAction","target":["https:\/\/www.blog.neoprog.eu\/index.php\/2023\/11\/27\/plus-33-i-want\/"]}]},{"@type":"ImageObject","inLanguage":"fr-FR","@id":"https:\/\/www.blog.neoprog.eu\/index.php\/2023\/11\/27\/plus-33-i-want\/#primaryimage","url":"https:\/\/www.blog.neoprog.eu\/wp-content\/uploads\/2023\/11\/Plus-33.jpg","contentUrl":"https:\/\/www.blog.neoprog.eu\/wp-content\/uploads\/2023\/11\/Plus-33.jpg","width":1024,"height":683},{"@type":"BreadcrumbList","@id":"https:\/\/www.blog.neoprog.eu\/index.php\/2023\/11\/27\/plus-33-i-want\/#breadcrumb","itemListElement":[{"@type":"ListItem","position":1,"name":"Home","item":"https:\/\/www.blog.neoprog.eu\/"},{"@type":"ListItem","position":2,"name":"Plus 33 &#8211; I Want"}]},{"@type":"WebSite","@id":"https:\/\/www.blog.neoprog.eu\/#website","url":"https:\/\/www.blog.neoprog.eu\/","name":"Le Blog du N\u00e9oprog","description":"","publisher":{"@id":"https:\/\/www.blog.neoprog.eu\/#\/schema\/person\/47c594bf12736b172b772f0f02bcf511"},"potentialAction":[{"@type":"SearchAction","target":{"@type":"EntryPoint","urlTemplate":"https:\/\/www.blog.neoprog.eu\/?s={search_term_string}"},"query-input":{"@type":"PropertyValueSpecification","valueRequired":true,"valueName":"search_term_string"}}],"inLanguage":"fr-FR"},{"@type":["Person","Organization"],"@id":"https:\/\/www.blog.neoprog.eu\/#\/schema\/person\/47c594bf12736b172b772f0f02bcf511","name":"Neoprog","image":{"@type":"ImageObject","inLanguage":"fr-FR","@id":"https:\/\/www.blog.neoprog.eu\/wp-content\/uploads\/2022\/09\/autoportrait-2.jpg","url":"https:\/\/www.blog.neoprog.eu\/wp-content\/uploads\/2022\/09\/autoportrait-2.jpg","contentUrl":"https:\/\/www.blog.neoprog.eu\/wp-content\/uploads\/2022\/09\/autoportrait-2.jpg","width":1024,"height":681,"caption":"Neoprog"},"logo":{"@id":"https:\/\/www.blog.neoprog.eu\/wp-content\/uploads\/2022\/09\/autoportrait-2.jpg"}}]}},"_links":{"self":[{"href":"https:\/\/www.blog.neoprog.eu\/index.php\/wp-json\/wp\/v2\/posts\/9946","targetHints":{"allow":["GET"]}}],"collection":[{"href":"https:\/\/www.blog.neoprog.eu\/index.php\/wp-json\/wp\/v2\/posts"}],"about":[{"href":"https:\/\/www.blog.neoprog.eu\/index.php\/wp-json\/wp\/v2\/types\/post"}],"author":[{"embeddable":true,"href":"https:\/\/www.blog.neoprog.eu\/index.php\/wp-json\/wp\/v2\/users\/1"}],"replies":[{"embeddable":true,"href":"https:\/\/www.blog.neoprog.eu\/index.php\/wp-json\/wp\/v2\/comments?post=9946"}],"version-history":[{"count":3,"href":"https:\/\/www.blog.neoprog.eu\/index.php\/wp-json\/wp\/v2\/posts\/9946\/revisions"}],"predecessor-version":[{"id":9953,"href":"https:\/\/www.blog.neoprog.eu\/index.php\/wp-json\/wp\/v2\/posts\/9946\/revisions\/9953"}],"wp:featuredmedia":[{"embeddable":true,"href":"https:\/\/www.blog.neoprog.eu\/index.php\/wp-json\/wp\/v2\/media\/9947"}],"wp:attachment":[{"href":"https:\/\/www.blog.neoprog.eu\/index.php\/wp-json\/wp\/v2\/media?parent=9946"}],"wp:term":[{"taxonomy":"category","embeddable":true,"href":"https:\/\/www.blog.neoprog.eu\/index.php\/wp-json\/wp\/v2\/categories?post=9946"},{"taxonomy":"post_tag","embeddable":true,"href":"https:\/\/www.blog.neoprog.eu\/index.php\/wp-json\/wp\/v2\/tags?post=9946"}],"curies":[{"name":"wp","href":"https:\/\/api.w.org\/{rel}","templated":true}]}}