{"id":9970,"date":"2023-12-04T08:00:00","date_gmt":"2023-12-04T07:00:00","guid":{"rendered":"http:\/\/www.blog.neoprog.eu\/?p=9970"},"modified":"2023-12-04T14:18:16","modified_gmt":"2023-12-04T13:18:16","slug":"terra-terra","status":"publish","type":"post","link":"https:\/\/www.blog.neoprog.eu\/index.php\/2023\/12\/04\/terra-terra\/","title":{"rendered":"Terra &#8211; Terra"},"content":{"rendered":"\n<figure class=\"wp-block-image size-full\"><img loading=\"lazy\" decoding=\"async\" width=\"648\" height=\"288\" src=\"https:\/\/www.blog.neoprog.eu\/wp-content\/uploads\/2023\/12\/terra.jpeg\" alt=\"\" class=\"wp-image-9971\" srcset=\"https:\/\/www.blog.neoprog.eu\/wp-content\/uploads\/2023\/12\/terra.jpeg 648w, https:\/\/www.blog.neoprog.eu\/wp-content\/uploads\/2023\/12\/terra-300x133.jpeg 300w, https:\/\/www.blog.neoprog.eu\/wp-content\/uploads\/2023\/12\/terra-500x222.jpeg 500w\" sizes=\"auto, (max-width: 648px) 100vw, 648px\" \/><\/figure>\n\n\n\n<p>Entre deux planches de bois peintes, un compact disk. Pas de titre, de groupe, de morceau, pas de livret, rien. Rien que du bois, quatre aimants et un CD.<\/p>\n\n\n\n<p>J\u2019ai entre les mains un des deux albums du groupe Terra que j\u2019ai vu lors du concert de <a href=\"https:\/\/www.blog.neoprog.eu\/index.php\/2023\/10\/25\/soen-a-la-laiterie\/\">Soen \u00e0 la Laiterie<\/a>. Un album \u00e9ponyme \u00e9galement disponible dans sa d\u00e9clinaison acoustique, poss\u00e9dant le m\u00eame habillage menuisier et dont je poss\u00e8de le tout dernier exemplaire.<\/p>\n\n\n\n<p>Terra est un groupe italien n\u00e9 en 2018 venant de Rome que l\u2019on pourrait classer dans le tribal post metal si le genre existait. Peut-\u00eatre qu\u2019il existe en fait, je n\u2019en sais rien.<\/p>\n\n\n\n<p>Le quatuor m\u2019avait subjugu\u00e9 en live avec leur courte prestation au point de leur prendre deux disques et un tee shirt au stand de merch \u00e0 la fin du concert. Mais l&rsquo;enthousiasme du live laisse parfois place \u00e0 la d\u00e9sillusion une fois rentr\u00e9 \u00e0 la maison et le CD pos\u00e9 sur la platine.<\/p>\n\n\n\n<figure class=\"wp-block-image size-large\"><img loading=\"lazy\" decoding=\"async\" width=\"1024\" height=\"1024\" src=\"https:\/\/www.blog.neoprog.eu\/wp-content\/uploads\/2023\/12\/album-1024x1024.jpeg\" alt=\"\" class=\"wp-image-9972\" srcset=\"https:\/\/www.blog.neoprog.eu\/wp-content\/uploads\/2023\/12\/album-1024x1024.jpeg 1024w, https:\/\/www.blog.neoprog.eu\/wp-content\/uploads\/2023\/12\/album-300x300.jpeg 300w, https:\/\/www.blog.neoprog.eu\/wp-content\/uploads\/2023\/12\/album-150x150.jpeg 150w, https:\/\/www.blog.neoprog.eu\/wp-content\/uploads\/2023\/12\/album-768x768.jpeg 768w, https:\/\/www.blog.neoprog.eu\/wp-content\/uploads\/2023\/12\/album.jpeg 1304w\" sizes=\"auto, (max-width: 1024px) 100vw, 1024px\" \/><\/figure>\n\n\n\n<p>Leur c\u00f4t\u00e9 tribal th\u00e9\u00e2tral, lorsqu\u2019ils s\u2019\u00e9taient avanc\u00e9 \u00e0 trois devant la sc\u00e8ne pour jouer \u2018The End\u2019 aux percussions m\u2019avait hypnotis\u00e9 mais quand Davide, le chanteur batteur avait pris le micro, j\u2019\u00e9tais tomb\u00e9 en p\u00e2moison. Il faut dire qu\u2019il poss\u00e8de quelque chose du charisme de Daniel Gildenl\u00f6w de <a href=\"https:\/\/www.blog.neoprog.eu\/index.php\/tag\/pain-of-salvation\/\">Pain of Salvation<\/a>. Et pour moi, c\u2019est presque la r\u00e9f\u00e9rence ultime, surtout en live.<\/p>\n\n\n\n<p>Du bois, des dreads, un logo g\u00e9om\u00e9trique \u00e9sot\u00e9rique et le nom Terra, tout m\u2019\u00e9voquait la mouvance new age \u00e9colo plan\u00e9taire mais avec des instruments \u00e9lectriques et un peu de growl pour pimenter l\u2019herbe fum\u00e9e.<\/p>\n\n\n\n<p>Pour d\u00e9couvrir les noms des membres du groupe, leur histoire, les titres de morceaux et les paroles, il faudra se rendre sur le site <a href=\"https:\/\/welcometoterra.com\">Welcome To Terra<\/a> car ils n\u2019ont pas encore invent\u00e9 le livret en \u00e9corce de ch\u00eane.<\/p>\n\n\n\n<figure class=\"wp-block-embed is-type-video is-provider-youtube wp-block-embed-youtube wp-embed-aspect-16-9 wp-has-aspect-ratio\"><div class=\"wp-block-embed__wrapper\">\n<iframe loading=\"lazy\" title=\"TERRA - Sirens&#039; Call (Acoustic) \/\/ Visualizer\" width=\"584\" height=\"329\" src=\"https:\/\/www.youtube.com\/embed\/B2B8daS72QI?feature=oembed\" frameborder=\"0\" allow=\"accelerometer; autoplay; clipboard-write; encrypted-media; gyroscope; picture-in-picture; web-share\" referrerpolicy=\"strict-origin-when-cross-origin\" allowfullscreen><\/iframe>\n<\/div><\/figure>\n\n\n\n<p>Terra joue du post-metal comme dans \u2018XII\u2019 mais \u00e9galement du folk avec \u2018Siren\u2019s Call\u2019 ou du metal \u00e0 growl comme dans \u2018Father\u2019 sans parler du chamanique \u2018Mantra\u2019. Une palette musicale des plus vari\u00e9e \u00e0 forte personnalit\u00e9 qui fait mouche d\u00e8s la premi\u00e8re \u00e9coute. Terra joue dans un registre \u00e9motionnel qui fonctionne toujours aussi bien avec moi et une musique suffisamment contrast\u00e9e pour que je ne m\u2019ennuie pas un seul instant.<\/p>\n\n\n\n<p>Pendant une heure, douze morceaux de deux \u00e0 cinq minutes plus un mantra de vingt minutes, le groupe nous emporte dans son concept album m\u00e9lodique et tortur\u00e9 o\u00f9 seuls deux courts instrumentaux offrent une pause dans la narration.<\/p>\n\n\n\n<p>Il s\u2019agit d\u2019un premier album sorti en 2022 qui aurait vraiment m\u00e9rit\u00e9 de monter sur le podium mais \u00e0 l\u2019\u00e9poque j\u2019ignorais encore tout de ce groupe talentueux que je vous recommande d\u2019\u00e9couter d\u2019urgence et de suivre de tr\u00e8s pr\u00e8s.<\/p>\n\n\n\n<figure class=\"wp-block-embed is-type-video is-provider-youtube wp-block-embed-youtube wp-embed-aspect-16-9 wp-has-aspect-ratio\"><div class=\"wp-block-embed__wrapper\">\n<iframe loading=\"lazy\" title=\"Terra - Terra\" width=\"584\" height=\"329\" src=\"https:\/\/www.youtube.com\/embed\/68K0bqUVx4s?feature=oembed\" frameborder=\"0\" allow=\"accelerometer; autoplay; clipboard-write; encrypted-media; gyroscope; picture-in-picture; web-share\" referrerpolicy=\"strict-origin-when-cross-origin\" allowfullscreen><\/iframe>\n<\/div><\/figure>\n","protected":false},"excerpt":{"rendered":"<p>Pendant une heure, douze morceaux de deux \u00e0 cinq minutes plus un mantra de vingt minutes, le groupe nous emporte dans son concept album m\u00e9lodique et tortur\u00e9 o\u00f9 seuls deux courts instrumentaux offrent une pause dans la narration. <a href=\"https:\/\/www.blog.neoprog.eu\/index.php\/2023\/12\/04\/terra-terra\/\">Continuer la lecture <span class=\"meta-nav\">&rarr;<\/span><\/a><\/p>\n","protected":false},"author":1,"featured_media":9971,"comment_status":"open","ping_status":"open","sticky":false,"template":"","format":"image","meta":{"footnotes":""},"categories":[1881],"tags":[552,429,2985,3034],"class_list":["post-9970","post","type-post","status-publish","format-image","has-post-thumbnail","hentry","category-musiques","tag-metal","tag-rome","tag-terra","tag-tribal","post_format-post-format-image"],"yoast_head":"<!-- This site is optimized with the Yoast SEO plugin v27.5 - https:\/\/yoast.com\/product\/yoast-seo-wordpress\/ -->\n<title>Terra - Terra - Le Blog du N\u00e9oprog<\/title>\n<meta name=\"description\" content=\"J\u2019ai entre les mains un des deux albums du groupe Terra que j\u2019ai vu lors du concert de Soen \u00e0 la Laiterie.\" \/>\n<meta name=\"robots\" content=\"index, follow, max-snippet:-1, max-image-preview:large, max-video-preview:-1\" \/>\n<link rel=\"canonical\" href=\"https:\/\/www.blog.neoprog.eu\/index.php\/2023\/12\/04\/terra-terra\/\" \/>\n<meta property=\"og:locale\" content=\"fr_FR\" \/>\n<meta property=\"og:type\" content=\"article\" \/>\n<meta property=\"og:title\" content=\"Terra - Terra - Le Blog du N\u00e9oprog\" \/>\n<meta property=\"og:description\" content=\"J\u2019ai entre les mains un des deux albums du groupe Terra que j\u2019ai vu lors du concert de Soen \u00e0 la Laiterie.\" \/>\n<meta property=\"og:url\" content=\"https:\/\/www.blog.neoprog.eu\/index.php\/2023\/12\/04\/terra-terra\/\" \/>\n<meta property=\"og:site_name\" content=\"Le Blog du N\u00e9oprog\" \/>\n<meta property=\"article:published_time\" content=\"2023-12-04T07:00:00+00:00\" \/>\n<meta property=\"article:modified_time\" content=\"2023-12-04T13:18:16+00:00\" \/>\n<meta property=\"og:image\" content=\"https:\/\/www.blog.neoprog.eu\/wp-content\/uploads\/2023\/12\/terra.jpeg\" \/>\n\t<meta property=\"og:image:width\" content=\"648\" \/>\n\t<meta property=\"og:image:height\" content=\"288\" \/>\n\t<meta property=\"og:image:type\" content=\"image\/jpeg\" \/>\n<meta name=\"author\" content=\"Neoprog\" \/>\n<meta name=\"twitter:card\" content=\"summary_large_image\" \/>\n<meta name=\"twitter:creator\" content=\"@Le_Brun_JC\" \/>\n<meta name=\"twitter:site\" content=\"@Le_Brun_JC\" \/>\n<meta name=\"twitter:label1\" content=\"\u00c9crit par\" \/>\n\t<meta name=\"twitter:data1\" content=\"Neoprog\" \/>\n\t<meta name=\"twitter:label2\" content=\"Dur\u00e9e de lecture estim\u00e9e\" \/>\n\t<meta name=\"twitter:data2\" content=\"3 minutes\" \/>\n<script type=\"application\/ld+json\" class=\"yoast-schema-graph\">{\"@context\":\"https:\\\/\\\/schema.org\",\"@graph\":[{\"@type\":\"Article\",\"@id\":\"https:\\\/\\\/www.blog.neoprog.eu\\\/index.php\\\/2023\\\/12\\\/04\\\/terra-terra\\\/#article\",\"isPartOf\":{\"@id\":\"https:\\\/\\\/www.blog.neoprog.eu\\\/index.php\\\/2023\\\/12\\\/04\\\/terra-terra\\\/\"},\"author\":{\"name\":\"Neoprog\",\"@id\":\"https:\\\/\\\/www.blog.neoprog.eu\\\/#\\\/schema\\\/person\\\/47c594bf12736b172b772f0f02bcf511\"},\"headline\":\"Terra &#8211; Terra\",\"datePublished\":\"2023-12-04T07:00:00+00:00\",\"dateModified\":\"2023-12-04T13:18:16+00:00\",\"mainEntityOfPage\":{\"@id\":\"https:\\\/\\\/www.blog.neoprog.eu\\\/index.php\\\/2023\\\/12\\\/04\\\/terra-terra\\\/\"},\"wordCount\":499,\"commentCount\":0,\"publisher\":{\"@id\":\"https:\\\/\\\/www.blog.neoprog.eu\\\/#\\\/schema\\\/person\\\/47c594bf12736b172b772f0f02bcf511\"},\"image\":{\"@id\":\"https:\\\/\\\/www.blog.neoprog.eu\\\/index.php\\\/2023\\\/12\\\/04\\\/terra-terra\\\/#primaryimage\"},\"thumbnailUrl\":\"https:\\\/\\\/www.blog.neoprog.eu\\\/wp-content\\\/uploads\\\/2023\\\/12\\\/terra.jpeg\",\"keywords\":[\"metal\",\"Rome\",\"Terra\",\"tribal\"],\"articleSection\":[\"Musiques\"],\"inLanguage\":\"fr-FR\",\"potentialAction\":[{\"@type\":\"CommentAction\",\"name\":\"Comment\",\"target\":[\"https:\\\/\\\/www.blog.neoprog.eu\\\/index.php\\\/2023\\\/12\\\/04\\\/terra-terra\\\/#respond\"]}]},{\"@type\":\"WebPage\",\"@id\":\"https:\\\/\\\/www.blog.neoprog.eu\\\/index.php\\\/2023\\\/12\\\/04\\\/terra-terra\\\/\",\"url\":\"https:\\\/\\\/www.blog.neoprog.eu\\\/index.php\\\/2023\\\/12\\\/04\\\/terra-terra\\\/\",\"name\":\"Terra - Terra - Le Blog du N\u00e9oprog\",\"isPartOf\":{\"@id\":\"https:\\\/\\\/www.blog.neoprog.eu\\\/#website\"},\"primaryImageOfPage\":{\"@id\":\"https:\\\/\\\/www.blog.neoprog.eu\\\/index.php\\\/2023\\\/12\\\/04\\\/terra-terra\\\/#primaryimage\"},\"image\":{\"@id\":\"https:\\\/\\\/www.blog.neoprog.eu\\\/index.php\\\/2023\\\/12\\\/04\\\/terra-terra\\\/#primaryimage\"},\"thumbnailUrl\":\"https:\\\/\\\/www.blog.neoprog.eu\\\/wp-content\\\/uploads\\\/2023\\\/12\\\/terra.jpeg\",\"datePublished\":\"2023-12-04T07:00:00+00:00\",\"dateModified\":\"2023-12-04T13:18:16+00:00\",\"description\":\"J\u2019ai entre les mains un des deux albums du groupe Terra que j\u2019ai vu lors du concert de Soen \u00e0 la Laiterie.\",\"breadcrumb\":{\"@id\":\"https:\\\/\\\/www.blog.neoprog.eu\\\/index.php\\\/2023\\\/12\\\/04\\\/terra-terra\\\/#breadcrumb\"},\"inLanguage\":\"fr-FR\",\"potentialAction\":[{\"@type\":\"ReadAction\",\"target\":[\"https:\\\/\\\/www.blog.neoprog.eu\\\/index.php\\\/2023\\\/12\\\/04\\\/terra-terra\\\/\"]}]},{\"@type\":\"ImageObject\",\"inLanguage\":\"fr-FR\",\"@id\":\"https:\\\/\\\/www.blog.neoprog.eu\\\/index.php\\\/2023\\\/12\\\/04\\\/terra-terra\\\/#primaryimage\",\"url\":\"https:\\\/\\\/www.blog.neoprog.eu\\\/wp-content\\\/uploads\\\/2023\\\/12\\\/terra.jpeg\",\"contentUrl\":\"https:\\\/\\\/www.blog.neoprog.eu\\\/wp-content\\\/uploads\\\/2023\\\/12\\\/terra.jpeg\",\"width\":648,\"height\":288},{\"@type\":\"BreadcrumbList\",\"@id\":\"https:\\\/\\\/www.blog.neoprog.eu\\\/index.php\\\/2023\\\/12\\\/04\\\/terra-terra\\\/#breadcrumb\",\"itemListElement\":[{\"@type\":\"ListItem\",\"position\":1,\"name\":\"Home\",\"item\":\"https:\\\/\\\/www.blog.neoprog.eu\\\/\"},{\"@type\":\"ListItem\",\"position\":2,\"name\":\"Terra &#8211; Terra\"}]},{\"@type\":\"WebSite\",\"@id\":\"https:\\\/\\\/www.blog.neoprog.eu\\\/#website\",\"url\":\"https:\\\/\\\/www.blog.neoprog.eu\\\/\",\"name\":\"Le Blog du N\u00e9oprog\",\"description\":\"\",\"publisher\":{\"@id\":\"https:\\\/\\\/www.blog.neoprog.eu\\\/#\\\/schema\\\/person\\\/47c594bf12736b172b772f0f02bcf511\"},\"potentialAction\":[{\"@type\":\"SearchAction\",\"target\":{\"@type\":\"EntryPoint\",\"urlTemplate\":\"https:\\\/\\\/www.blog.neoprog.eu\\\/?s={search_term_string}\"},\"query-input\":{\"@type\":\"PropertyValueSpecification\",\"valueRequired\":true,\"valueName\":\"search_term_string\"}}],\"inLanguage\":\"fr-FR\"},{\"@type\":[\"Person\",\"Organization\"],\"@id\":\"https:\\\/\\\/www.blog.neoprog.eu\\\/#\\\/schema\\\/person\\\/47c594bf12736b172b772f0f02bcf511\",\"name\":\"Neoprog\",\"image\":{\"@type\":\"ImageObject\",\"inLanguage\":\"fr-FR\",\"@id\":\"https:\\\/\\\/www.blog.neoprog.eu\\\/wp-content\\\/uploads\\\/2022\\\/09\\\/autoportrait-2.jpg\",\"url\":\"https:\\\/\\\/www.blog.neoprog.eu\\\/wp-content\\\/uploads\\\/2022\\\/09\\\/autoportrait-2.jpg\",\"contentUrl\":\"https:\\\/\\\/www.blog.neoprog.eu\\\/wp-content\\\/uploads\\\/2022\\\/09\\\/autoportrait-2.jpg\",\"width\":1024,\"height\":681,\"caption\":\"Neoprog\"},\"logo\":{\"@id\":\"https:\\\/\\\/www.blog.neoprog.eu\\\/wp-content\\\/uploads\\\/2022\\\/09\\\/autoportrait-2.jpg\"}}]}<\/script>\n<!-- \/ Yoast SEO plugin. -->","yoast_head_json":{"title":"Terra - Terra - Le Blog du N\u00e9oprog","description":"J\u2019ai entre les mains un des deux albums du groupe Terra que j\u2019ai vu lors du concert de Soen \u00e0 la Laiterie.","robots":{"index":"index","follow":"follow","max-snippet":"max-snippet:-1","max-image-preview":"max-image-preview:large","max-video-preview":"max-video-preview:-1"},"canonical":"https:\/\/www.blog.neoprog.eu\/index.php\/2023\/12\/04\/terra-terra\/","og_locale":"fr_FR","og_type":"article","og_title":"Terra - Terra - Le Blog du N\u00e9oprog","og_description":"J\u2019ai entre les mains un des deux albums du groupe Terra que j\u2019ai vu lors du concert de Soen \u00e0 la Laiterie.","og_url":"https:\/\/www.blog.neoprog.eu\/index.php\/2023\/12\/04\/terra-terra\/","og_site_name":"Le Blog du N\u00e9oprog","article_published_time":"2023-12-04T07:00:00+00:00","article_modified_time":"2023-12-04T13:18:16+00:00","og_image":[{"width":648,"height":288,"url":"https:\/\/www.blog.neoprog.eu\/wp-content\/uploads\/2023\/12\/terra.jpeg","type":"image\/jpeg"}],"author":"Neoprog","twitter_card":"summary_large_image","twitter_creator":"@Le_Brun_JC","twitter_site":"@Le_Brun_JC","twitter_misc":{"\u00c9crit par":"Neoprog","Dur\u00e9e de lecture estim\u00e9e":"3 minutes"},"schema":{"@context":"https:\/\/schema.org","@graph":[{"@type":"Article","@id":"https:\/\/www.blog.neoprog.eu\/index.php\/2023\/12\/04\/terra-terra\/#article","isPartOf":{"@id":"https:\/\/www.blog.neoprog.eu\/index.php\/2023\/12\/04\/terra-terra\/"},"author":{"name":"Neoprog","@id":"https:\/\/www.blog.neoprog.eu\/#\/schema\/person\/47c594bf12736b172b772f0f02bcf511"},"headline":"Terra &#8211; Terra","datePublished":"2023-12-04T07:00:00+00:00","dateModified":"2023-12-04T13:18:16+00:00","mainEntityOfPage":{"@id":"https:\/\/www.blog.neoprog.eu\/index.php\/2023\/12\/04\/terra-terra\/"},"wordCount":499,"commentCount":0,"publisher":{"@id":"https:\/\/www.blog.neoprog.eu\/#\/schema\/person\/47c594bf12736b172b772f0f02bcf511"},"image":{"@id":"https:\/\/www.blog.neoprog.eu\/index.php\/2023\/12\/04\/terra-terra\/#primaryimage"},"thumbnailUrl":"https:\/\/www.blog.neoprog.eu\/wp-content\/uploads\/2023\/12\/terra.jpeg","keywords":["metal","Rome","Terra","tribal"],"articleSection":["Musiques"],"inLanguage":"fr-FR","potentialAction":[{"@type":"CommentAction","name":"Comment","target":["https:\/\/www.blog.neoprog.eu\/index.php\/2023\/12\/04\/terra-terra\/#respond"]}]},{"@type":"WebPage","@id":"https:\/\/www.blog.neoprog.eu\/index.php\/2023\/12\/04\/terra-terra\/","url":"https:\/\/www.blog.neoprog.eu\/index.php\/2023\/12\/04\/terra-terra\/","name":"Terra - Terra - Le Blog du N\u00e9oprog","isPartOf":{"@id":"https:\/\/www.blog.neoprog.eu\/#website"},"primaryImageOfPage":{"@id":"https:\/\/www.blog.neoprog.eu\/index.php\/2023\/12\/04\/terra-terra\/#primaryimage"},"image":{"@id":"https:\/\/www.blog.neoprog.eu\/index.php\/2023\/12\/04\/terra-terra\/#primaryimage"},"thumbnailUrl":"https:\/\/www.blog.neoprog.eu\/wp-content\/uploads\/2023\/12\/terra.jpeg","datePublished":"2023-12-04T07:00:00+00:00","dateModified":"2023-12-04T13:18:16+00:00","description":"J\u2019ai entre les mains un des deux albums du groupe Terra que j\u2019ai vu lors du concert de Soen \u00e0 la Laiterie.","breadcrumb":{"@id":"https:\/\/www.blog.neoprog.eu\/index.php\/2023\/12\/04\/terra-terra\/#breadcrumb"},"inLanguage":"fr-FR","potentialAction":[{"@type":"ReadAction","target":["https:\/\/www.blog.neoprog.eu\/index.php\/2023\/12\/04\/terra-terra\/"]}]},{"@type":"ImageObject","inLanguage":"fr-FR","@id":"https:\/\/www.blog.neoprog.eu\/index.php\/2023\/12\/04\/terra-terra\/#primaryimage","url":"https:\/\/www.blog.neoprog.eu\/wp-content\/uploads\/2023\/12\/terra.jpeg","contentUrl":"https:\/\/www.blog.neoprog.eu\/wp-content\/uploads\/2023\/12\/terra.jpeg","width":648,"height":288},{"@type":"BreadcrumbList","@id":"https:\/\/www.blog.neoprog.eu\/index.php\/2023\/12\/04\/terra-terra\/#breadcrumb","itemListElement":[{"@type":"ListItem","position":1,"name":"Home","item":"https:\/\/www.blog.neoprog.eu\/"},{"@type":"ListItem","position":2,"name":"Terra &#8211; Terra"}]},{"@type":"WebSite","@id":"https:\/\/www.blog.neoprog.eu\/#website","url":"https:\/\/www.blog.neoprog.eu\/","name":"Le Blog du N\u00e9oprog","description":"","publisher":{"@id":"https:\/\/www.blog.neoprog.eu\/#\/schema\/person\/47c594bf12736b172b772f0f02bcf511"},"potentialAction":[{"@type":"SearchAction","target":{"@type":"EntryPoint","urlTemplate":"https:\/\/www.blog.neoprog.eu\/?s={search_term_string}"},"query-input":{"@type":"PropertyValueSpecification","valueRequired":true,"valueName":"search_term_string"}}],"inLanguage":"fr-FR"},{"@type":["Person","Organization"],"@id":"https:\/\/www.blog.neoprog.eu\/#\/schema\/person\/47c594bf12736b172b772f0f02bcf511","name":"Neoprog","image":{"@type":"ImageObject","inLanguage":"fr-FR","@id":"https:\/\/www.blog.neoprog.eu\/wp-content\/uploads\/2022\/09\/autoportrait-2.jpg","url":"https:\/\/www.blog.neoprog.eu\/wp-content\/uploads\/2022\/09\/autoportrait-2.jpg","contentUrl":"https:\/\/www.blog.neoprog.eu\/wp-content\/uploads\/2022\/09\/autoportrait-2.jpg","width":1024,"height":681,"caption":"Neoprog"},"logo":{"@id":"https:\/\/www.blog.neoprog.eu\/wp-content\/uploads\/2022\/09\/autoportrait-2.jpg"}}]}},"_links":{"self":[{"href":"https:\/\/www.blog.neoprog.eu\/index.php\/wp-json\/wp\/v2\/posts\/9970","targetHints":{"allow":["GET"]}}],"collection":[{"href":"https:\/\/www.blog.neoprog.eu\/index.php\/wp-json\/wp\/v2\/posts"}],"about":[{"href":"https:\/\/www.blog.neoprog.eu\/index.php\/wp-json\/wp\/v2\/types\/post"}],"author":[{"embeddable":true,"href":"https:\/\/www.blog.neoprog.eu\/index.php\/wp-json\/wp\/v2\/users\/1"}],"replies":[{"embeddable":true,"href":"https:\/\/www.blog.neoprog.eu\/index.php\/wp-json\/wp\/v2\/comments?post=9970"}],"version-history":[{"count":3,"href":"https:\/\/www.blog.neoprog.eu\/index.php\/wp-json\/wp\/v2\/posts\/9970\/revisions"}],"predecessor-version":[{"id":9989,"href":"https:\/\/www.blog.neoprog.eu\/index.php\/wp-json\/wp\/v2\/posts\/9970\/revisions\/9989"}],"wp:featuredmedia":[{"embeddable":true,"href":"https:\/\/www.blog.neoprog.eu\/index.php\/wp-json\/wp\/v2\/media\/9971"}],"wp:attachment":[{"href":"https:\/\/www.blog.neoprog.eu\/index.php\/wp-json\/wp\/v2\/media?parent=9970"}],"wp:term":[{"taxonomy":"category","embeddable":true,"href":"https:\/\/www.blog.neoprog.eu\/index.php\/wp-json\/wp\/v2\/categories?post=9970"},{"taxonomy":"post_tag","embeddable":true,"href":"https:\/\/www.blog.neoprog.eu\/index.php\/wp-json\/wp\/v2\/tags?post=9970"}],"curies":[{"name":"wp","href":"https:\/\/api.w.org\/{rel}","templated":true}]}}